{"id":19700,"date":"2023-03-14T07:50:27","date_gmt":"2023-03-14T10:50:27","guid":{"rendered":"https:\/\/chacosintesis.com.ar\/?p=19700"},"modified":"2023-03-14T08:06:53","modified_gmt":"2023-03-14T11:06:53","slug":"se-conoce-hoy-la-inflacion-de-febrero-se-ubicaria-en-torno-al-6","status":"publish","type":"post","link":"https:\/\/chacosintesis.com.ar\/index.php\/se-conoce-hoy-la-inflacion-de-febrero-se-ubicaria-en-torno-al-6\/","title":{"rendered":"Se conoce hoy la inflaci\u00f3n de febrero: se ubicar\u00eda en torno al 6%"},"content":{"rendered":"<p>Seg\u00fan analistas, el \u00edndice fue impulsado por el aumento de la carne y la suba de los precios regulados, como las tarifas de servicios p\u00fablicos, el transporte y las prepagas.<br \/>\n El INDEC difundir\u00e1 este martes el \u00cdndice de Precios al Consumidor (IPC) de febrero, que seg\u00fan estimaciones privadas se ubicar\u00e1 en torno al 6%.<br \/>\nLa inflaci\u00f3n trep\u00f3 a ese porcentaje en marzo, con una variaci\u00f3n interanual de 98,8%: si se confirma un n\u00famero similar en febrero, durante el primer bimestre del a\u00f1o la suba de precios habr\u00e1 llegado a alrededor del 12%, con un incremento interanual superior al 100%.<br \/>\nDe acuerdo con el \u00faltimo Relevamiento de Expectativas de Mercado (REM) publicado este mes por el Banco Central, en febrero la inflaci\u00f3n lleg\u00f3 al 6,1%, mientras que para diciembre de este a\u00f1o alcanzar\u00e1 al 99,9%, m\u00e1s de dos puntos por encima de las previsiones de enero.<br \/>\nPor caso, la &#8220;inflaci\u00f3n de los trabajadores&#8221; fue de 6,3%, en febrero, aceler\u00e1ndose 0,8 puntos porcentuales respecto de enero, seg\u00fan los c\u00e1lculos de la Universidad Metropolitana para la Educaci\u00f3n y el Trabajo (UMET). &#8220;El dato m\u00e1s relevante es que la inflaci\u00f3n interanual perfor\u00f3 los tres d\u00edgitos por primera vez desde la salida de las hiperinflaciones de 1989-90&#8221;, alert\u00f3 esa casa de estudios.<br \/>\nSeg\u00fan analistas, la inflaci\u00f3n de febrero fue impulsada por los precios de la carne y la suba de los precios regulados, como las tarifas de servicios p\u00fablicos, el transporte y las prepagas.<br \/>\nEn tanto, un informe de la consultora LCG puntualiz\u00f3 que la inflaci\u00f3n de alimentos en las \u00faltimas cuatro semanas fue de 6,4%, tomando en cuenta la evoluci\u00f3n de los precios de la primera semana de marzo y las tres precedentes.<br \/>\nDurante los primeros siete d\u00edas de este mes, el aumento m\u00e1s significativo se registr\u00f3 en panificados, con una variaci\u00f3n de 3,65%. Luego aparecen comidas listas para llevar (2,15%), frutas (2,07%), bebidas e infusiones para consumir en el hogar (1,29%) y carnes (0,92%). Respecto a la carne, la consultora remarc\u00f3 que &#8220;despu\u00e9s de seis semanas aument\u00f3 menos que el promedio&#8221;.<br \/>\n CADENA 3.-<\/p>\n","protected":false},"excerpt":{"rendered":"<p>Seg\u00fan analistas, el \u00edndice fue impulsado por el aumento de la carne y la suba de los precios regulados, como las tarifas de servicios p\u00fablicos, el transporte y las prepagas. El INDEC difundir\u00e1 este martes el \u00cdndice de Precios al Consumidor (IPC) de febrero, que seg\u00fan estimaciones privadas se ubicar\u00e1 en torno al 6%. La [&hellip;]<\/p>\n","protected":false},"author":1,"featured_media":19701,"comment_status":"closed","ping_status":"closed","sticky":false,"template":"","format":"standard","meta":{"footnotes":""},"categories":[6],"tags":[197],"class_list":{"0":"post-19700","1":"post","2":"type-post","3":"status-publish","4":"format-standard","5":"has-post-thumbnail","7":"category-chaco","8":"tag-destacada"},"_links":{"self":[{"href":"https:\/\/chacosintesis.com.ar\/index.php\/wp-json\/wp\/v2\/posts\/19700","targetHints":{"allow":["GET"]}}],"collection":[{"href":"https:\/\/chacosintesis.com.ar\/index.php\/wp-json\/wp\/v2\/posts"}],"about":[{"href":"https:\/\/chacosintesis.com.ar\/index.php\/wp-json\/wp\/v2\/types\/post"}],"author":[{"embeddable":true,"href":"https:\/\/chacosintesis.com.ar\/index.php\/wp-json\/wp\/v2\/users\/1"}],"replies":[{"embeddable":true,"href":"https:\/\/chacosintesis.com.ar\/index.php\/wp-json\/wp\/v2\/comments?post=19700"}],"version-history":[{"count":0,"href":"https:\/\/chacosintesis.com.ar\/index.php\/wp-json\/wp\/v2\/posts\/19700\/revisions"}],"wp:featuredmedia":[{"embeddable":true,"href":"https:\/\/chacosintesis.com.ar\/index.php\/wp-json\/wp\/v2\/media\/19701"}],"wp:attachment":[{"href":"https:\/\/chacosintesis.com.ar\/index.php\/wp-json\/wp\/v2\/media?parent=19700"}],"wp:term":[{"taxonomy":"category","embeddable":true,"href":"https:\/\/chacosintesis.com.ar\/index.php\/wp-json\/wp\/v2\/categories?post=19700"},{"taxonomy":"post_tag","embeddable":true,"href":"https:\/\/chacosintesis.com.ar\/index.php\/wp-json\/wp\/v2\/tags?post=19700"}],"curies":[{"name":"wp","href":"https:\/\/api.w.org\/{rel}","templated":true}]}}