{"id":19698,"date":"2023-03-13T14:17:07","date_gmt":"2023-03-13T17:17:07","guid":{"rendered":"https:\/\/chacosintesis.com.ar\/?p=19698"},"modified":"2023-03-13T14:37:32","modified_gmt":"2023-03-13T17:37:32","slug":"fallo-con-impacto-electoral-en-chaco-si-habra-paso-y-no-se-permitiran-colectoras-por-decision-del-stj","status":"publish","type":"post","link":"https:\/\/chacosintesis.com.ar\/index.php\/fallo-con-impacto-electoral-en-chaco-si-habra-paso-y-no-se-permitiran-colectoras-por-decision-del-stj\/","title":{"rendered":"Fallo con impacto electoral: en Chaco s\u00ed habr\u00e1 PASO y no se permitir\u00e1n colectoras por decisi\u00f3n del STJ"},"content":{"rendered":"<p>El m\u00e1ximo tribunal de la provincia hizo lugar al amparo presentado por la oposici\u00f3n tras la pol\u00e9mica sesi\u00f3n legislativa y declar\u00f3 inconstitucional la suspensi\u00f3n de las primarias.<\/p>\n<p>El Superior Tribunal de Justicia del Chaco hizo lugar a la acci\u00f3n de amparo articulada en los expedientes 12.951\/2022-1-C &#8220;Corradi, Gustavo Silvio y otros s\/ acci\u00f3n de amparo y medida cautelar&#8221; y su acumulado 12.956\/2022-1-C &#8220;Zdero, Leandro C\u00e9sar c\/ C\u00e1mara de Diputados de la Provincia del Chaco s\/ acci\u00f3n de amparo&#8221; y anul\u00f3 las resoluciones N\u00b0 2197\/22 de Presidencia de la C\u00e1mara de Diputados del Chaco y N\u00b0 2207\/22 de la C\u00e1mara de Diputados del Chaco que modificaron la conformaci\u00f3n de la Comisi\u00f3n de Asuntos Constitucionales. En consecuencia, declar\u00f3 la inconstitucionalidad de las leyes N\u00b0 3745?Q y 3746?Q que suspendieron durante un a\u00f1o la vigencia de las primarias abiertas simult\u00e1neas y obligatorias (PASO) y habilitaron candidaturas m\u00faltiples, respectivamente. En raz\u00f3n de ello declar\u00f3 nulo el decreto N\u00b0 3087\/22 mediante el cual el Poder Ejecutivo provincial convoc\u00f3 a elecciones.<\/p>\n<p>FUNDAMENTOS<br \/>\nPara fundamentar la decisi\u00f3n, el STJ, explic\u00f3 que los proyectos de ley 3511\/22 y 2336\/19 despachados durante la sesi\u00f3n extraordinaria N\u00b0 IV de la Comisi\u00f3n de Asuntos Constitucionales reconocen origen directo en las anuladas resoluciones 2197\/22 2207\/22. &#8220;Lo que a su vez implica que las leyes 3745-Q y 3746-Q merecen igual consecuencia debiendo ser declaradas inconstitucionales: el vicio procedimental de las resoluciones que aumentaron la cantidad de miembros de la Comisi\u00f3n de Asuntos Constitucionales redunda en la nulidad de toda la actividad posterior desarrollada por \u00e9sta&#8221;.<\/p>\n<p> &#8220;Previo a finalizar, y siempre en el marco de la prudencia y la moderaci\u00f3n que deben guiar nuestras decisiones, en un todo de acuerdo con las manifestaciones de ambas partes en cuanto a la importancia de las comisiones permanentes, siendo \u00e9stas piezas vitales que delinean el quehacer parlamentario, consideramos necesario se\u00f1alar la preocupaci\u00f3n que supone que la legalidad de decisiones del Cuerpo Legislativo, deban ser definidas en los Tribunales&#8221;, detallaron.<\/p>\n<p> &#8220;Aquello que la pol\u00edtica y la discusi\u00f3n democr\u00e1tica no han logrado consensuar, no es l\u00f3gico que termine en los \u00e1mbitos tribunalicios. Con mayor raz\u00f3n a\u00fan cuando se trata de cuestiones pol\u00edtico-electorales, como sucede en el caso&#8221;, a\u00f1adieron.<\/p>\n<p> &#8220;Dicho esto, no podemos omitir que el hecho de \u2018no dar quorum\u2019 constituye una herramienta en el marco de la din\u00e1mica de la democracia pero tampoco podemos omitir que es la propia conducta de los accionantes, bajo igual presidencia de la Comisi\u00f3n de Asuntos Constitucionales, lo que motiva su no funcionamiento, que ha derivado en sendos conflictos judiciales en detrimento de la calidad democr\u00e1tica de nuestras instituciones. Situaci\u00f3n que, aunque resulte obvio decirlo, tampoco avala la irregularidad en el proceso de elaboraci\u00f3n y sanci\u00f3n de las leyes aqu\u00ed cuestionadas&#8221;.<\/p>\n<p> &#8220;Debemos recordar que el accionar de las autoridades constituidas debe respetar los principios de legalidad y razonabilidad, orientados por la prudencia pol\u00edtica que debe caracterizar todo obrar en una rep\u00fablica democr\u00e1tica&#8221;, finalizaron.<br \/>\n DIARIO CHACO.-<\/p>\n","protected":false},"excerpt":{"rendered":"<p>El m\u00e1ximo tribunal de la provincia hizo lugar al amparo presentado por la oposici\u00f3n tras la pol\u00e9mica sesi\u00f3n legislativa y declar\u00f3 inconstitucional la suspensi\u00f3n de las primarias. El Superior Tribunal de Justicia del Chaco hizo lugar a la acci\u00f3n de amparo articulada en los expedientes 12.951\/2022-1-C &#8220;Corradi, Gustavo Silvio y otros s\/ acci\u00f3n de amparo [&hellip;]<\/p>\n","protected":false},"author":1,"featured_media":19699,"comment_status":"closed","ping_status":"closed","sticky":false,"template":"","format":"standard","meta":{"footnotes":""},"categories":[6],"tags":[197],"class_list":{"0":"post-19698","1":"post","2":"type-post","3":"status-publish","4":"format-standard","5":"has-post-thumbnail","7":"category-chaco","8":"tag-destacada"},"_links":{"self":[{"href":"https:\/\/chacosintesis.com.ar\/index.php\/wp-json\/wp\/v2\/posts\/19698","targetHints":{"allow":["GET"]}}],"collection":[{"href":"https:\/\/chacosintesis.com.ar\/index.php\/wp-json\/wp\/v2\/posts"}],"about":[{"href":"https:\/\/chacosintesis.com.ar\/index.php\/wp-json\/wp\/v2\/types\/post"}],"author":[{"embeddable":true,"href":"https:\/\/chacosintesis.com.ar\/index.php\/wp-json\/wp\/v2\/users\/1"}],"replies":[{"embeddable":true,"href":"https:\/\/chacosintesis.com.ar\/index.php\/wp-json\/wp\/v2\/comments?post=19698"}],"version-history":[{"count":0,"href":"https:\/\/chacosintesis.com.ar\/index.php\/wp-json\/wp\/v2\/posts\/19698\/revisions"}],"wp:featuredmedia":[{"embeddable":true,"href":"https:\/\/chacosintesis.com.ar\/index.php\/wp-json\/wp\/v2\/media\/19699"}],"wp:attachment":[{"href":"https:\/\/chacosintesis.com.ar\/index.php\/wp-json\/wp\/v2\/media?parent=19698"}],"wp:term":[{"taxonomy":"category","embeddable":true,"href":"https:\/\/chacosintesis.com.ar\/index.php\/wp-json\/wp\/v2\/categories?post=19698"},{"taxonomy":"post_tag","embeddable":true,"href":"https:\/\/chacosintesis.com.ar\/index.php\/wp-json\/wp\/v2\/tags?post=19698"}],"curies":[{"name":"wp","href":"https:\/\/api.w.org\/{rel}","templated":true}]}}