{"id":19694,"date":"2023-03-13T11:52:03","date_gmt":"2023-03-13T14:52:03","guid":{"rendered":"https:\/\/chacosintesis.com.ar\/?p=19694"},"modified":"2023-03-13T12:07:41","modified_gmt":"2023-03-13T15:07:41","slug":"poliniel-10-de-diciembre-nace-un-chaco-distinto","status":"publish","type":"post","link":"https:\/\/chacosintesis.com.ar\/index.php\/poliniel-10-de-diciembre-nace-un-chaco-distinto\/","title":{"rendered":"Polini:&#8221;El 10 de diciembre nace un Chaco distinto&#8221;"},"content":{"rendered":"<p>El farmac\u00e9utico, productor agropecuario, empresario algodonero y precandidato a gobernador del Chaco, Juan Carlos Polini, particip\u00f3 de la elecci\u00f3n de \u201cReina de S\u00e1enz Pe\u00f1a\u201d en el marco de los festejos por el 111\u00b0 aniversario de la ciudad termal. Junto al intendente Bruno Cipolini recorri\u00f3 la exposici\u00f3n que cont\u00f3 con la participaci\u00f3n de artesanos y emprendedores.<br \/>\nPolini destac\u00f3 la importancia del evento \u201cHay una importante cantidad de emprendedores y productores que vienen a  mostrarnos de lo que somos capaces los chaque\u00f1os, la variedad es infinita, prendas de algod\u00f3n org\u00e1nico, mieles, alfajores regionales, manualidades, de esto se trata, de dar impulso a la producci\u00f3n y el emprendedurismo, el sector privado es el pilar fundamental para salir de la crisis, felicito al intendente Cipolini y su equipo por acompa\u00f1ar permanentemente desde el municipio a quienes siguen apostando al trabajo, generan empleo, oportunidades, es la \u00fanica manera de revertir los lamentables indicadores de pobreza e indigencia que marca nuestro Chaco\u201d<br \/>\nY remarc\u00f3 la importancia del trabajo conjunto entre el Estado y el sector privado \u201cCuando gobernemos el Chaco una de las principales pol\u00edticas de Estado ser\u00e1 precisamente acompa\u00f1ar con fuertes incentivos a quienes trabajan, producen y generan riqueza, si el pueblo nos acompa\u00f1a el 10 de diciembre nace un Chaco distinto\u201d<\/p>\n","protected":false},"excerpt":{"rendered":"<p>El farmac\u00e9utico, productor agropecuario, empresario algodonero y precandidato a gobernador del Chaco, Juan Carlos Polini, particip\u00f3 de la elecci\u00f3n de \u201cReina de S\u00e1enz Pe\u00f1a\u201d en el marco de los festejos por el 111\u00b0 aniversario de la ciudad termal. Junto al intendente Bruno Cipolini recorri\u00f3 la exposici\u00f3n que cont\u00f3 con la participaci\u00f3n de artesanos y emprendedores. [&hellip;]<\/p>\n","protected":false},"author":1,"featured_media":19695,"comment_status":"closed","ping_status":"closed","sticky":false,"template":"","format":"standard","meta":{"footnotes":""},"categories":[6],"tags":[],"class_list":{"0":"post-19694","1":"post","2":"type-post","3":"status-publish","4":"format-standard","5":"has-post-thumbnail","7":"category-chaco"},"_links":{"self":[{"href":"https:\/\/chacosintesis.com.ar\/index.php\/wp-json\/wp\/v2\/posts\/19694","targetHints":{"allow":["GET"]}}],"collection":[{"href":"https:\/\/chacosintesis.com.ar\/index.php\/wp-json\/wp\/v2\/posts"}],"about":[{"href":"https:\/\/chacosintesis.com.ar\/index.php\/wp-json\/wp\/v2\/types\/post"}],"author":[{"embeddable":true,"href":"https:\/\/chacosintesis.com.ar\/index.php\/wp-json\/wp\/v2\/users\/1"}],"replies":[{"embeddable":true,"href":"https:\/\/chacosintesis.com.ar\/index.php\/wp-json\/wp\/v2\/comments?post=19694"}],"version-history":[{"count":0,"href":"https:\/\/chacosintesis.com.ar\/index.php\/wp-json\/wp\/v2\/posts\/19694\/revisions"}],"wp:featuredmedia":[{"embeddable":true,"href":"https:\/\/chacosintesis.com.ar\/index.php\/wp-json\/wp\/v2\/media\/19695"}],"wp:attachment":[{"href":"https:\/\/chacosintesis.com.ar\/index.php\/wp-json\/wp\/v2\/media?parent=19694"}],"wp:term":[{"taxonomy":"category","embeddable":true,"href":"https:\/\/chacosintesis.com.ar\/index.php\/wp-json\/wp\/v2\/categories?post=19694"},{"taxonomy":"post_tag","embeddable":true,"href":"https:\/\/chacosintesis.com.ar\/index.php\/wp-json\/wp\/v2\/tags?post=19694"}],"curies":[{"name":"wp","href":"https:\/\/api.w.org\/{rel}","templated":true}]}}