{"id":19690,"date":"2023-03-13T08:30:31","date_gmt":"2023-03-13T11:30:31","guid":{"rendered":"https:\/\/chacosintesis.com.ar\/?p=19690"},"modified":"2023-03-13T08:37:10","modified_gmt":"2023-03-13T11:37:10","slug":"primera-reunion-del-ano-de-los-gobernadores-del-norte-grande","status":"publish","type":"post","link":"https:\/\/chacosintesis.com.ar\/index.php\/primera-reunion-del-ano-de-los-gobernadores-del-norte-grande\/","title":{"rendered":"Primera reuni\u00f3n del a\u00f1o de los gobernadores del Norte Grande"},"content":{"rendered":"<p>Los mandatarios trabajar\u00e1n una agenda de temas ya avanzados durante el a\u00f1o pasado y otros nuevos que profundizan su enfoque federal y de erradicaci\u00f3n de las asimetr\u00edas con otras regiones del pa\u00eds. El encuentro tendr\u00e1 lugar a las 9:30, en el sal\u00f3n del complejo Uthgra, en San Fernando del Valle de Catamarca.<br \/>\n La primera reuni\u00f3n de los mandatarios de las 10 provincias del norte argentino, de Catamarca, Chaco, Corrientes, Formosa, Jujuy, La Rioja, Misiones, Salta, Santiago del Estero y Tucum\u00e1n; ser\u00e1 el martes 14 de marzo, a las 9.30, en el sal\u00f3n del complejo Uthgra, en San Fernando del Valle de Catamarca.<br \/>\nEsta ser\u00e1 la primera reuni\u00f3n del a\u00f1o donde los primeros mandatarios trabajar\u00e1n una agenda de temas ya avanzados durante el a\u00f1o pasado y otros nuevos que profundizan su enfoque federal y de erradicaci\u00f3n de las asimetr\u00edas con otras regiones del pa\u00eds.<br \/>\nComo es habitual, los ministros nacionales ser\u00e1n invitados a participar de la Asamblea de gobernadores para exponer y abordar sobre proyectos y temas de su \u00e1rea en el Norte Grande y escuchar a los gobernadores en sus inquietudes y necesidades.<br \/>\nEn primer lugar, la Asamblea de gobernadores realizar\u00e1 un Balance de la campa\u00f1a del Norte Grande en la Costa Atl\u00e1ntica y plantear\u00e1 una propuesta de actividades para visibilizar a la regi\u00f3n durante el 2023.<br \/>\nAsimismo, el ministro de Ciencia, Tecnolog\u00eda e Innovaci\u00f3n, Daniel Filmus, presentar\u00e1 \u201cEl impacto de la federalizaci\u00f3n de la ciencia en el Norte Grande Argentino: Una estrategia para el desarrollo integrado\u201d.<br \/>\nHar\u00e1 lo propio el ministro de Cultura, Trist\u00e1n Bauer, quien acaba de participar del primer Festival Cultural del Norte Grande que se realiz\u00f3 el pasado 3, 4 y 5 de marzo en Ober\u00e1 Misiones, con el fin de fomentar la cultura de las provincias del norte argentino y de visibilizar a sus artistas en grandes escenarios y espacios de participaci\u00f3n.<br \/>\nTambi\u00e9n participar\u00e1 el ministro Santiago Maggiotti, quien har\u00e1 una propuesta del Ministerio de Desarrollo Territorial y H\u00e1bitat y desde el CFI se har\u00e1 la presentaci\u00f3n de la Estrategia Log\u00edstica para el Norte Grande Argentino.<br \/>\nEntre otros temas figuran, el seguimiento de la solicitud de una misi\u00f3n t\u00e9cnica a Brasil, los temas de transporte, energ\u00eda y Corredor Bioce\u00e1nico, segmentaci\u00f3n de los subsidios al gas y el decreto 814.<br \/>\nPor su parte, se presentar\u00e1 el proyecto de creaci\u00f3n de una red de medios y plan regional de comunicaci\u00f3n del Norte Grande Argentino, que permita federalizar los contenidos que se consumen en la regi\u00f3n.<br \/>\nEntre otras participaciones, se espera la presentaci\u00f3n de la C\u00e1mara Agroindustrial Argentina y UNINOA y CAME.<\/p>\n","protected":false},"excerpt":{"rendered":"<p>Los mandatarios trabajar\u00e1n una agenda de temas ya avanzados durante el a\u00f1o pasado y otros nuevos que profundizan su enfoque federal y de erradicaci\u00f3n de las asimetr\u00edas con otras regiones del pa\u00eds. El encuentro tendr\u00e1 lugar a las 9:30, en el sal\u00f3n del complejo Uthgra, en San Fernando del Valle de Catamarca. La primera reuni\u00f3n [&hellip;]<\/p>\n","protected":false},"author":1,"featured_media":19691,"comment_status":"closed","ping_status":"closed","sticky":false,"template":"","format":"standard","meta":{"footnotes":""},"categories":[6],"tags":[],"class_list":{"0":"post-19690","1":"post","2":"type-post","3":"status-publish","4":"format-standard","5":"has-post-thumbnail","7":"category-chaco"},"_links":{"self":[{"href":"https:\/\/chacosintesis.com.ar\/index.php\/wp-json\/wp\/v2\/posts\/19690","targetHints":{"allow":["GET"]}}],"collection":[{"href":"https:\/\/chacosintesis.com.ar\/index.php\/wp-json\/wp\/v2\/posts"}],"about":[{"href":"https:\/\/chacosintesis.com.ar\/index.php\/wp-json\/wp\/v2\/types\/post"}],"author":[{"embeddable":true,"href":"https:\/\/chacosintesis.com.ar\/index.php\/wp-json\/wp\/v2\/users\/1"}],"replies":[{"embeddable":true,"href":"https:\/\/chacosintesis.com.ar\/index.php\/wp-json\/wp\/v2\/comments?post=19690"}],"version-history":[{"count":0,"href":"https:\/\/chacosintesis.com.ar\/index.php\/wp-json\/wp\/v2\/posts\/19690\/revisions"}],"wp:featuredmedia":[{"embeddable":true,"href":"https:\/\/chacosintesis.com.ar\/index.php\/wp-json\/wp\/v2\/media\/19691"}],"wp:attachment":[{"href":"https:\/\/chacosintesis.com.ar\/index.php\/wp-json\/wp\/v2\/media?parent=19690"}],"wp:term":[{"taxonomy":"category","embeddable":true,"href":"https:\/\/chacosintesis.com.ar\/index.php\/wp-json\/wp\/v2\/categories?post=19690"},{"taxonomy":"post_tag","embeddable":true,"href":"https:\/\/chacosintesis.com.ar\/index.php\/wp-json\/wp\/v2\/tags?post=19690"}],"curies":[{"name":"wp","href":"https:\/\/api.w.org\/{rel}","templated":true}]}}