{"id":19619,"date":"2023-03-10T19:55:46","date_gmt":"2023-03-10T22:55:46","guid":{"rendered":"https:\/\/chacosintesis.com.ar\/?p=19619"},"modified":"2023-03-10T20:07:24","modified_gmt":"2023-03-10T23:07:24","slug":"fallecio-el-ex-intendente-de-saenz-pena-victor-antonio-lapasini","status":"publish","type":"post","link":"https:\/\/chacosintesis.com.ar\/index.php\/fallecio-el-ex-intendente-de-saenz-pena-victor-antonio-lapasini\/","title":{"rendered":"Falleci\u00f3 el ex intendente de S\u00e1enz Pe\u00f1a, Victor Antonio Lapasini"},"content":{"rendered":"<p>V\u00edctor Antonio Lapasini ex intendente de S\u00e1enz Pe\u00f1a, durante los a\u00f1os 1993 y reelecto en el a\u00f1o 1995, falleci\u00f3 a los 71 a\u00f1os en la jornada de este viernes luego de padecer una larga enfermedad.<\/p>\n<p>Militante activo de Acci\u00f3n Chaque\u00f1a, liderado por quien fue gobernador de facto Jos\u00e9 David Ruiz Palacios, Lapasini formo parte de la lista de concejales que gobern\u00f3 la ciudad desde 1987, luego de ganar las elecciones reemplazando al justicialista Antonio Zafra.<\/p>\n<p> En 1991, Victor Lapasini siendo primer concejal asume la intendencia en reemplazo de Adolfo Arce, que padec\u00eda una enfermedad.<br \/>\nLuego se present\u00f3 como candidato a intendente ganando las elecciones y asumi\u00f3 en 1993 hasta 1995 (un a\u00f1o antes, se reform\u00f3 la Constituci\u00f3n de la provincia del Chaco estableciendo que el mandato del intendente ser\u00eda de cuatro a\u00f1os en vez de dos) y fue reelecto para el periodo 1995-1999.<br \/>\nPropici\u00f3 encuentros de gobiernos de provincias del norte con autoridades y empresarios de la zona franca de Iquique en Chile, como una manera de impulsar el intercambio comercial y la salida al Pac\u00edfico.<br \/>\nPadeci\u00f3 una larga enfermedad que lo fue desgastando a trav\u00e9s de los a\u00f1os.<br \/>\nEn uno de los posteos en redes sociales hace varios a\u00f1os atr\u00e1s su hija Lorena hab\u00eda publicado en su red social de Facebook: &#8220;Este hombre no era ni contador, ni abogado, ni ingeniero, ni nada, no ten\u00eda ning\u00fan t\u00edtulo, o s\u00ed era un ciudadano, una persona que fiel a sus ideales quiso aportar a su ciudad lo mejor de \u00e9l. Con sus errores y aciertos, propios de las personas, dej\u00f3 su marca en la construcci\u00f3n de \u00e9sta ciudad&#8221;, manifestando su orgullo de ser hija de un ex intendente de la ciudad termal.<br \/>\n DIARIO NORTE.-<\/p>\n","protected":false},"excerpt":{"rendered":"<p>V\u00edctor Antonio Lapasini ex intendente de S\u00e1enz Pe\u00f1a, durante los a\u00f1os 1993 y reelecto en el a\u00f1o 1995, falleci\u00f3 a los 71 a\u00f1os en la jornada de este viernes luego de padecer una larga enfermedad. Militante activo de Acci\u00f3n Chaque\u00f1a, liderado por quien fue gobernador de facto Jos\u00e9 David Ruiz Palacios, Lapasini formo parte de [&hellip;]<\/p>\n","protected":false},"author":1,"featured_media":19620,"comment_status":"closed","ping_status":"closed","sticky":false,"template":"","format":"standard","meta":{"footnotes":""},"categories":[6],"tags":[197],"class_list":{"0":"post-19619","1":"post","2":"type-post","3":"status-publish","4":"format-standard","5":"has-post-thumbnail","7":"category-chaco","8":"tag-destacada"},"_links":{"self":[{"href":"https:\/\/chacosintesis.com.ar\/index.php\/wp-json\/wp\/v2\/posts\/19619","targetHints":{"allow":["GET"]}}],"collection":[{"href":"https:\/\/chacosintesis.com.ar\/index.php\/wp-json\/wp\/v2\/posts"}],"about":[{"href":"https:\/\/chacosintesis.com.ar\/index.php\/wp-json\/wp\/v2\/types\/post"}],"author":[{"embeddable":true,"href":"https:\/\/chacosintesis.com.ar\/index.php\/wp-json\/wp\/v2\/users\/1"}],"replies":[{"embeddable":true,"href":"https:\/\/chacosintesis.com.ar\/index.php\/wp-json\/wp\/v2\/comments?post=19619"}],"version-history":[{"count":0,"href":"https:\/\/chacosintesis.com.ar\/index.php\/wp-json\/wp\/v2\/posts\/19619\/revisions"}],"wp:featuredmedia":[{"embeddable":true,"href":"https:\/\/chacosintesis.com.ar\/index.php\/wp-json\/wp\/v2\/media\/19620"}],"wp:attachment":[{"href":"https:\/\/chacosintesis.com.ar\/index.php\/wp-json\/wp\/v2\/media?parent=19619"}],"wp:term":[{"taxonomy":"category","embeddable":true,"href":"https:\/\/chacosintesis.com.ar\/index.php\/wp-json\/wp\/v2\/categories?post=19619"},{"taxonomy":"post_tag","embeddable":true,"href":"https:\/\/chacosintesis.com.ar\/index.php\/wp-json\/wp\/v2\/tags?post=19619"}],"curies":[{"name":"wp","href":"https:\/\/api.w.org\/{rel}","templated":true}]}}