{"id":19604,"date":"2023-03-09T22:43:22","date_gmt":"2023-03-10T01:43:22","guid":{"rendered":"https:\/\/chacosintesis.com.ar\/?p=19604"},"modified":"2023-03-09T23:06:44","modified_gmt":"2023-03-10T02:06:44","slug":"con-una-agenda-constructiva-y-productiva-estamos-transformando-la-leonesa","status":"publish","type":"post","link":"https:\/\/chacosintesis.com.ar\/index.php\/con-una-agenda-constructiva-y-productiva-estamos-transformando-la-leonesa\/","title":{"rendered":"\u201cCon una agenda constructiva y productiva estamos transformando La Leonesa\u201d"},"content":{"rendered":"<p>Los trabajos de mejoramiento vial, que demandaron una inversi\u00f3n de $58.077.675 y fueron realizados con mano de obra local, forman parte de la primera etapa de un paquete de 50 cuadras que mejorar\u00e1n sustancialmente la transitabilidad en la localidad.<\/p>\n<p>El gobernador Jorge Capitanich inaugur\u00f3 este jueves nuevas cuadras de pavimento urbano en la localidad de La Leonesa. Acompa\u00f1ado por el intendente local, Jos\u00e9 Carbajal, el mandatario remarc\u00f3 que \u201ctanto La Leonesa como Las Palmas estaban absolutamente abandonadas respecto a procesos de inversi\u00f3n en materia de infraestructura social b\u00e1sica, pero con una agenda constructiva y productiva estamos cambiando esa realidad\u201d.<br \/>\nLa obra de pavimentaci\u00f3n demand\u00f3 una inversi\u00f3n de $58.077.675 y fue financiada por el Ministerio de Planificaci\u00f3n, Econom\u00eda e Infraestructura. Se trata de seis cuadras distribuidas en las calles Ra\u00fal Alegre Sold (dos cuadras), Carlos Pellegrini (dos), Eulogia Mamani (una) y Celso Alegre Sold (una), y forman parte de la primera etapa de un paquete que incluye otras 50 cuadras.<br \/>\nA partir de esta infraestructura, se mejor\u00f3 sustancialmente la transitabilidad de las zonas aleda\u00f1as a las importantes avenidas Mariano Moreno y Juan Domingo Per\u00f3n, tanto vehicular como peatonal, pasando de una calzada de tierra, con cunetas a cielo abierto y sin revestimiento a una de hormig\u00f3n con cord\u00f3n integral, desag\u00fces y bocacalles.<\/p>\n<p>Es importante remarcar que la totalidad de estas tareas realizadas en La Leonesa se realizaron con mano de obra local debidamente capacitada, por lo cual, adem\u00e1s de generar un beneficio a la comunidad, se produjeron fuentes de ingreso genuinas para trabajadores de la localidad, mejorando as\u00ed la situaci\u00f3n econ\u00f3mica de una gran cantidad de familias.<br \/>\nEn este sentido, Capitanich remarc\u00f3 que este nuevo paquete se suma a otras 40 cuadras que se ejecutaron y financiaron con el programa del BID 2929, que fueron acordadas durante su etapa anterior como gobernador y que fue inaugurado durante la gesti\u00f3n anterior.<\/p>\n<p>\u201cRealmente hicimos muchas inversiones que impulsan el progreso de La Leonesa, Las Palmas, Vedia, Puerto Eva Per\u00f3n y Puerto Bermejo, con lo cual hemos podido mejorar sustancialmente la calidad de vida de esta regi\u00f3n de la provincia despu\u00e9s de una enorme crisis estructural que tuvo el departamento en toda la d\u00e9cada del \u201980. Y no solamente en derechos e infraestructura, sino tambi\u00e9n en modelos para el desarrollo productivo\u201d, remarc\u00f3 el mandatario.<br \/>\nEl intendente Jos\u00e9 Carbajal agradeci\u00f3 al gobernador por las obras y destac\u00f3 que \u201cestamos muy contentos por poder dar cumplimiento a los sue\u00f1os de los vecinos y vecinas con esta gesti\u00f3n de Gobierno. Realmente, tener este pavimento genera un valor en el pueblo y nos da garant\u00edas para mejorar la vida de nuestra comunidad, que ve c\u00f3mo avanza y crece todo el departamento Bermejo\u201d.<\/p>\n","protected":false},"excerpt":{"rendered":"<p>Los trabajos de mejoramiento vial, que demandaron una inversi\u00f3n de $58.077.675 y fueron realizados con mano de obra local, forman parte de la primera etapa de un paquete de 50 cuadras que mejorar\u00e1n sustancialmente la transitabilidad en la localidad. El gobernador Jorge Capitanich inaugur\u00f3 este jueves nuevas cuadras de pavimento urbano en la localidad de [&hellip;]<\/p>\n","protected":false},"author":1,"featured_media":19605,"comment_status":"closed","ping_status":"closed","sticky":false,"template":"","format":"standard","meta":{"footnotes":""},"categories":[6],"tags":[],"class_list":{"0":"post-19604","1":"post","2":"type-post","3":"status-publish","4":"format-standard","5":"has-post-thumbnail","7":"category-chaco"},"_links":{"self":[{"href":"https:\/\/chacosintesis.com.ar\/index.php\/wp-json\/wp\/v2\/posts\/19604","targetHints":{"allow":["GET"]}}],"collection":[{"href":"https:\/\/chacosintesis.com.ar\/index.php\/wp-json\/wp\/v2\/posts"}],"about":[{"href":"https:\/\/chacosintesis.com.ar\/index.php\/wp-json\/wp\/v2\/types\/post"}],"author":[{"embeddable":true,"href":"https:\/\/chacosintesis.com.ar\/index.php\/wp-json\/wp\/v2\/users\/1"}],"replies":[{"embeddable":true,"href":"https:\/\/chacosintesis.com.ar\/index.php\/wp-json\/wp\/v2\/comments?post=19604"}],"version-history":[{"count":0,"href":"https:\/\/chacosintesis.com.ar\/index.php\/wp-json\/wp\/v2\/posts\/19604\/revisions"}],"wp:featuredmedia":[{"embeddable":true,"href":"https:\/\/chacosintesis.com.ar\/index.php\/wp-json\/wp\/v2\/media\/19605"}],"wp:attachment":[{"href":"https:\/\/chacosintesis.com.ar\/index.php\/wp-json\/wp\/v2\/media?parent=19604"}],"wp:term":[{"taxonomy":"category","embeddable":true,"href":"https:\/\/chacosintesis.com.ar\/index.php\/wp-json\/wp\/v2\/categories?post=19604"},{"taxonomy":"post_tag","embeddable":true,"href":"https:\/\/chacosintesis.com.ar\/index.php\/wp-json\/wp\/v2\/tags?post=19604"}],"curies":[{"name":"wp","href":"https:\/\/api.w.org\/{rel}","templated":true}]}}