{"id":19586,"date":"2023-03-09T21:02:31","date_gmt":"2023-03-10T00:02:31","guid":{"rendered":"https:\/\/chacosintesis.com.ar\/?p=19586"},"modified":"2023-03-09T21:06:48","modified_gmt":"2023-03-10T00:06:48","slug":"polini-el-sector-privado-sera-el-gran-protagonista-de-la-reconstruccion-del-chaco","status":"publish","type":"post","link":"https:\/\/chacosintesis.com.ar\/index.php\/polini-el-sector-privado-sera-el-gran-protagonista-de-la-reconstruccion-del-chaco\/","title":{"rendered":"Polini: &#8220;El sector privado ser\u00e1 el gran protagonista de la reconstrucci\u00f3n del Chaco&#8221;"},"content":{"rendered":"<p>El farmac\u00e9utico, productor agropecuario y precandidato a gobernador del Chaco, Juan Carlos Polini, particip\u00f3 del plenario organizado por la Confederaci\u00f3n Argentina de la Mediana Empresa (CAME) en la ciudad de Resistencia.<\/p>\n<p>Consultado por los medios de prensa presentes en el lugar Polini se\u00f1al\u00f3 \u201cEst\u00e1 claro que la salida de la crisis se dar\u00e1 trabajando de manera conjunta Estado y sector privado, particularmente en provincias como la nuestra con los mayores indicadores de pobreza e indigencia, solo el comercio genera el 27% de los puestos de empleo, a eso hay que sumarle lo que generan las pymes, MiPymes, monotributistas, profesionales aut\u00f3nomos, sector primario, ellos son el motor de la econom\u00eda\u201d<\/p>\n<p>Y remarc\u00f3 \u201cEl emprendedurismo involucra a j\u00f3venes por excelencia, son ellos los nuevos desarrolladores de ideas, sin embargo no se generan las oportunidades, por eso 7 de cada 10 j\u00f3venes si pudieran se ir\u00edan del Chaco o del pa\u00eds, porque perdieron la esperanza de hacer realidad sus proyectos\u201d<\/p>\n<p>\u201cLo mismo sucede con el sector primario, no hay un plan integral de desarrollo productivo sustentable, el productor no merece estar esperando que el gobernador de turno se levante de buen humor para atender las necesidades del sector, lo que hay que hacer es poner en marcha un programa a corto, mediano y largo plazo que les permita dar valor agregado a la materia prima en or\u00edgen, incorporar tecnolog\u00eda, profesionales especializados, capacitaci\u00f3n, es ah\u00ed donde debe estar el Estado sentado en una mesa junto al sector privado trabajando en programas que nos permitan de una vez por todas pensar a futuro\u201d<\/p>\n<p> \u201cPara lograr ese objetivo necesitamos acompa\u00f1arlos con pol\u00edticas de incentivo que se sostengan en el tiempo para generar previsibilidad, y yo lo voy a hacer desde el primer d\u00eda, estoy convencido que el sector privado va a ser el gran protagonista de la reconstrucci\u00f3n del Chaco que nos merecemos, cada uno de los empresarios de todos los rubros, desde el m\u00e1s grande al m\u00e1s peque\u00f1o tienen en com\u00fan valores fundamentales como la cultura del trabajo, el esfuerzo diario, la capacidad de arriesgarse y el m\u00e9rito que viene de la mano de la actitud y la competitividad, pueden estar tranquilos que despu\u00e9s del 10 de diciembre, van a encontrar en nosotros un gobierno que los escuche y los acompa\u00f1e\u201d.<\/p>\n","protected":false},"excerpt":{"rendered":"<p>El farmac\u00e9utico, productor agropecuario y precandidato a gobernador del Chaco, Juan Carlos Polini, particip\u00f3 del plenario organizado por la Confederaci\u00f3n Argentina de la Mediana Empresa (CAME) en la ciudad de Resistencia. Consultado por los medios de prensa presentes en el lugar Polini se\u00f1al\u00f3 \u201cEst\u00e1 claro que la salida de la crisis se dar\u00e1 trabajando de [&hellip;]<\/p>\n","protected":false},"author":1,"featured_media":19587,"comment_status":"closed","ping_status":"closed","sticky":false,"template":"","format":"standard","meta":{"footnotes":""},"categories":[6],"tags":[],"class_list":{"0":"post-19586","1":"post","2":"type-post","3":"status-publish","4":"format-standard","5":"has-post-thumbnail","7":"category-chaco"},"_links":{"self":[{"href":"https:\/\/chacosintesis.com.ar\/index.php\/wp-json\/wp\/v2\/posts\/19586","targetHints":{"allow":["GET"]}}],"collection":[{"href":"https:\/\/chacosintesis.com.ar\/index.php\/wp-json\/wp\/v2\/posts"}],"about":[{"href":"https:\/\/chacosintesis.com.ar\/index.php\/wp-json\/wp\/v2\/types\/post"}],"author":[{"embeddable":true,"href":"https:\/\/chacosintesis.com.ar\/index.php\/wp-json\/wp\/v2\/users\/1"}],"replies":[{"embeddable":true,"href":"https:\/\/chacosintesis.com.ar\/index.php\/wp-json\/wp\/v2\/comments?post=19586"}],"version-history":[{"count":0,"href":"https:\/\/chacosintesis.com.ar\/index.php\/wp-json\/wp\/v2\/posts\/19586\/revisions"}],"wp:featuredmedia":[{"embeddable":true,"href":"https:\/\/chacosintesis.com.ar\/index.php\/wp-json\/wp\/v2\/media\/19587"}],"wp:attachment":[{"href":"https:\/\/chacosintesis.com.ar\/index.php\/wp-json\/wp\/v2\/media?parent=19586"}],"wp:term":[{"taxonomy":"category","embeddable":true,"href":"https:\/\/chacosintesis.com.ar\/index.php\/wp-json\/wp\/v2\/categories?post=19586"},{"taxonomy":"post_tag","embeddable":true,"href":"https:\/\/chacosintesis.com.ar\/index.php\/wp-json\/wp\/v2\/tags?post=19586"}],"curies":[{"name":"wp","href":"https:\/\/api.w.org\/{rel}","templated":true}]}}