{"id":19575,"date":"2023-03-09T13:30:31","date_gmt":"2023-03-09T16:30:31","guid":{"rendered":"https:\/\/chacosintesis.com.ar\/?p=19575"},"modified":"2023-03-09T13:36:51","modified_gmt":"2023-03-09T16:36:51","slug":"fallece-un-joven-de-21-anos-que-se-habria-ahogado-en-un-rio-de-puerto-vilelas","status":"publish","type":"post","link":"https:\/\/chacosintesis.com.ar\/index.php\/fallece-un-joven-de-21-anos-que-se-habria-ahogado-en-un-rio-de-puerto-vilelas\/","title":{"rendered":"Fallece un joven de 21 a\u00f1os que se habr\u00eda ahogado en un r\u00edo de Puerto Vilelas"},"content":{"rendered":"<p>La Polic\u00eda de la provincia inform\u00f3 que este \u00faltimo mi\u00e9rcoles cerca de las 17 el sistema de atenci\u00f3n 911 fue alertado por un llamado en el que notificaron el ahogamiento de un joven de 21 a\u00f1os en un r\u00edo ubicado sobre \u201cEl Chancho\u201d, en la localidad de Puerto Vilelas.<br \/>\nPor este motivo, los uniformados explicaron que se dirigieron al lugar y se entrevistaron con el padre de la v\u00edctima, un hombre de 45 a\u00f1os, quien habr\u00eda identificado que su hijo Sebasti\u00e1n Olivares ser\u00eda el fallecido. Adem\u00e1s, un adolescente de 17 a\u00f1os, habr\u00eda relatado que fueron juntos hasta la costa y que su hermano \u201cingres\u00f3 al r\u00edo y no logr\u00f3 salir\u201d, por lo que dio aviso a vecinos y familiares.<br \/>\nEn ese sentido, desde la Polic\u00eda explicaron que lograron extraer el cuerpo y trasladarlo al domicilio, donde el m\u00e9dico policial lo examin\u00f3 y diagnostic\u00f3 \u201cpericardio respiratorio post traum\u00e1tico, asfixia por inmersi\u00f3n\u201d. Finalmente, se dio lugar a la intervenci\u00f3n de la Fiscal\u00eda en turno.<\/p>\n","protected":false},"excerpt":{"rendered":"<p>La Polic\u00eda de la provincia inform\u00f3 que este \u00faltimo mi\u00e9rcoles cerca de las 17 el sistema de atenci\u00f3n 911 fue alertado por un llamado en el que notificaron el ahogamiento de un joven de 21 a\u00f1os en un r\u00edo ubicado sobre \u201cEl Chancho\u201d, en la localidad de Puerto Vilelas. Por este motivo, los uniformados explicaron [&hellip;]<\/p>\n","protected":false},"author":1,"featured_media":19576,"comment_status":"closed","ping_status":"closed","sticky":false,"template":"","format":"standard","meta":{"footnotes":""},"categories":[6],"tags":[],"class_list":{"0":"post-19575","1":"post","2":"type-post","3":"status-publish","4":"format-standard","5":"has-post-thumbnail","7":"category-chaco"},"_links":{"self":[{"href":"https:\/\/chacosintesis.com.ar\/index.php\/wp-json\/wp\/v2\/posts\/19575","targetHints":{"allow":["GET"]}}],"collection":[{"href":"https:\/\/chacosintesis.com.ar\/index.php\/wp-json\/wp\/v2\/posts"}],"about":[{"href":"https:\/\/chacosintesis.com.ar\/index.php\/wp-json\/wp\/v2\/types\/post"}],"author":[{"embeddable":true,"href":"https:\/\/chacosintesis.com.ar\/index.php\/wp-json\/wp\/v2\/users\/1"}],"replies":[{"embeddable":true,"href":"https:\/\/chacosintesis.com.ar\/index.php\/wp-json\/wp\/v2\/comments?post=19575"}],"version-history":[{"count":0,"href":"https:\/\/chacosintesis.com.ar\/index.php\/wp-json\/wp\/v2\/posts\/19575\/revisions"}],"wp:featuredmedia":[{"embeddable":true,"href":"https:\/\/chacosintesis.com.ar\/index.php\/wp-json\/wp\/v2\/media\/19576"}],"wp:attachment":[{"href":"https:\/\/chacosintesis.com.ar\/index.php\/wp-json\/wp\/v2\/media?parent=19575"}],"wp:term":[{"taxonomy":"category","embeddable":true,"href":"https:\/\/chacosintesis.com.ar\/index.php\/wp-json\/wp\/v2\/categories?post=19575"},{"taxonomy":"post_tag","embeddable":true,"href":"https:\/\/chacosintesis.com.ar\/index.php\/wp-json\/wp\/v2\/tags?post=19575"}],"curies":[{"name":"wp","href":"https:\/\/api.w.org\/{rel}","templated":true}]}}