{"id":19565,"date":"2023-03-09T00:06:45","date_gmt":"2023-03-09T03:06:45","guid":{"rendered":"https:\/\/chacosintesis.com.ar\/?p=19565"},"modified":"2023-03-09T00:37:57","modified_gmt":"2023-03-09T03:37:57","slug":"el-gobierno-provincial-y-came-acordaron-promover-nuevos-centros-comerciales-a-cielo-abierto","status":"publish","type":"post","link":"https:\/\/chacosintesis.com.ar\/index.php\/el-gobierno-provincial-y-came-acordaron-promover-nuevos-centros-comerciales-a-cielo-abierto\/","title":{"rendered":"El gobierno provincial y CAME acordaron promover nuevos centros comerciales a cielo abierto"},"content":{"rendered":"<p>La r\u00fabrica estuvo a cargo del gobernador Capitanich, quien agradeci\u00f3 a las autoridades de la confederaci\u00f3n nacional por elegir al Chaco como sede de este evento trascendente y federal.<\/p>\n<p>El gobierno provincial suscribi\u00f3, este mi\u00e9rcoles, ocho convenios con la Confederaci\u00f3n Argentina de la Mediana Empresa (CAME), para la promoci\u00f3n de centros comerciales a cielo abierto en municipios chaque\u00f1os, que formar\u00e1n parte de una agenda para el desarrollo de la actividad.<br \/>\nLa r\u00fabrica estuvo a cargo del gobernador Jorge Capitanich y del presidente de CAME, el chaque\u00f1o Alfredo Gonz\u00e1lez, en el cierre del plenario nacional de la entidad que tuvo como sede a Resistencia.<br \/>\n\u201cQuiero transmitir mi satisfacci\u00f3n y alegr\u00eda a Alfredo Gonz\u00e1lez y a cada uno de los miembros de esta confederaci\u00f3n de la mediana empresa por elegir a la provincia del Chaco como anfitriona de este trascendental evento\u201d, dijo el mandatario en sus redes sociales.<br \/>\nAsimismo, Capitanich ponder\u00f3 el \u201cexcelente e intenso intercambio durante esta jornada\u201d, que gener\u00f3 \u201cuna importante agenda de trabajo en conjunto\u201d. \u201cEl pr\u00f3ximo 14 de marzo, en la provincia de La Rioja, impulsaremos muchas de las iniciativas que se han podido instrumentar aqu\u00ed\u201d, adelant\u00f3.<br \/>\n Los Centros Comerciales Abiertos que promueve la entidad nacional proponen un esquema de negocios en el cual las pymes compiten, pero cooperan entre ellas, con una imagen com\u00fan, respetando la historia y la cultura de la zona. Los CCA son un proyecto que CAME impulsa desde hace m\u00e1s de 22 a\u00f1os y ya existen alrededor de 120 en distintas localidades del pa\u00eds.<br \/>\nEntre los firmantes estuvieron el intendente de Villa \u00c1ngela, Adalberto Papp; el de General Pinedo, Franco Ciucci; el de Las Bre\u00f1as, V\u00edctor Machuca; el de Juan Jos\u00e9 Castelli, P\u00edo Oscar Sander; el de Quitilipi, Ariel Lovey; el de Machagai, Juan Manuel Garc\u00eda, y la de Santa Sylvina, Susana Maggio. Acompa\u00f1aron la actividad la presidenta de la C\u00e1mara de Diputados del Chaco, Elida Cuesta, y el legislador Hugo Sager.<\/p>\n","protected":false},"excerpt":{"rendered":"<p>La r\u00fabrica estuvo a cargo del gobernador Capitanich, quien agradeci\u00f3 a las autoridades de la confederaci\u00f3n nacional por elegir al Chaco como sede de este evento trascendente y federal. El gobierno provincial suscribi\u00f3, este mi\u00e9rcoles, ocho convenios con la Confederaci\u00f3n Argentina de la Mediana Empresa (CAME), para la promoci\u00f3n de centros comerciales a cielo abierto [&hellip;]<\/p>\n","protected":false},"author":1,"featured_media":19566,"comment_status":"closed","ping_status":"closed","sticky":false,"template":"","format":"standard","meta":{"footnotes":""},"categories":[6],"tags":[],"class_list":{"0":"post-19565","1":"post","2":"type-post","3":"status-publish","4":"format-standard","5":"has-post-thumbnail","7":"category-chaco"},"_links":{"self":[{"href":"https:\/\/chacosintesis.com.ar\/index.php\/wp-json\/wp\/v2\/posts\/19565","targetHints":{"allow":["GET"]}}],"collection":[{"href":"https:\/\/chacosintesis.com.ar\/index.php\/wp-json\/wp\/v2\/posts"}],"about":[{"href":"https:\/\/chacosintesis.com.ar\/index.php\/wp-json\/wp\/v2\/types\/post"}],"author":[{"embeddable":true,"href":"https:\/\/chacosintesis.com.ar\/index.php\/wp-json\/wp\/v2\/users\/1"}],"replies":[{"embeddable":true,"href":"https:\/\/chacosintesis.com.ar\/index.php\/wp-json\/wp\/v2\/comments?post=19565"}],"version-history":[{"count":0,"href":"https:\/\/chacosintesis.com.ar\/index.php\/wp-json\/wp\/v2\/posts\/19565\/revisions"}],"wp:featuredmedia":[{"embeddable":true,"href":"https:\/\/chacosintesis.com.ar\/index.php\/wp-json\/wp\/v2\/media\/19566"}],"wp:attachment":[{"href":"https:\/\/chacosintesis.com.ar\/index.php\/wp-json\/wp\/v2\/media?parent=19565"}],"wp:term":[{"taxonomy":"category","embeddable":true,"href":"https:\/\/chacosintesis.com.ar\/index.php\/wp-json\/wp\/v2\/categories?post=19565"},{"taxonomy":"post_tag","embeddable":true,"href":"https:\/\/chacosintesis.com.ar\/index.php\/wp-json\/wp\/v2\/tags?post=19565"}],"curies":[{"name":"wp","href":"https:\/\/api.w.org\/{rel}","templated":true}]}}