{"id":19563,"date":"2023-03-08T23:56:13","date_gmt":"2023-03-09T02:56:13","guid":{"rendered":"https:\/\/chacosintesis.com.ar\/?p=19563"},"modified":"2023-03-09T00:06:44","modified_gmt":"2023-03-09T03:06:44","slug":"en-el-dia-de-la-mujer-polini-visito-a-mujeres-emprendedoras-y-servidoras-publicas-en-resistencia","status":"publish","type":"post","link":"https:\/\/chacosintesis.com.ar\/index.php\/en-el-dia-de-la-mujer-polini-visito-a-mujeres-emprendedoras-y-servidoras-publicas-en-resistencia\/","title":{"rendered":"En el d\u00eda de la mujer Polini visit\u00f3 a mujeres emprendedoras y servidoras p\u00fablicas en Resistencia"},"content":{"rendered":"<p>El farmac\u00e9utico, productor agropecuario y precandidato a gobernador del Chaco, Juan Carlos Polini, recorri\u00f3 la ciudad de Resistencia saludando a mujeres emprendedoras y tambi\u00e9n a trabajadoras p\u00fablicas \u201cEllas son el ejemplo de provincia que queremos construir\u201d.<br \/>\nEmprendedoras<br \/>\nPolini relat\u00f3 \u201cEn esta ocasi\u00f3n visit\u00e9 a Gisela, Cristina y Anal\u00eda, tres emprendedoras de Resistencia que, cada una en lo suyo, trabaja d\u00eda a d\u00eda con el objetivo de progresar y crecer, Gisela se dedica a la pasteler\u00eda y fue la encargada de preparar los presentes que llevamos al resto de las homenajeadas; Cristina es modista y Anal\u00eda, peluquera. Sinceramente me pone muy contento que hayan aceptado que las visite y que elijan contarme lo que hacen, c\u00f3mo piensan y lo que quieren para el futuro\u201d.<br \/>\n\u201cAyer inauguramos un nuevo banco rojo en el Comit\u00e9 y son eventos que a uno lo sensibilizan mucho y le invitan a replantearse un mont\u00f3n de ideas. Pienso en mi esposa, en mi hija, en mi nieta y en cu\u00e1n importantes son para mi vida. As\u00ed, cada mujer de la provincia es importante y necesaria para mucha gente. Pensaba en lo triste que es que nos falten tantas, o en que sean much\u00edsimas las que viven con miedo.\u201d<br \/>\nMujeres polic\u00edas<br \/>\n\u201cPor otro lado aprovech\u00e9 la oportunidad para visitar el Departamento de Violencia de G\u00e9nero de la Polic\u00eda y el Centro de Salud El Tala; donde tambi\u00e9n convers\u00e9 con agentes policiales y enfermeras acerca de las realidades de su sector y c\u00f3mo viven la experiencia de enfrentarse a tantas desigualdades y problem\u00e1ticas d\u00eda tras d\u00eda. Coincidimos es que es muy necesario un Estado presente, que d\u00e9 respuestas inmediatas a sus requerimientos en estas \u00e1reas tan sensibles.\u201d<br \/>\n\u201cTenemos la tarea de acompa\u00f1arlas a todas en este proceso de empoderamiento y crecimiento personal. Lo tienen que hacer ellas, por supuesto, pero el Estado tiene que estar ah\u00ed y garantizar las herramientas para su desarrollo. Sobre todo en el caso de las que est\u00e1n saliendo de c\u00edrculos de violencia, necesitan una mirada especial, una mano amiga que las entienda y las ayude. Habl\u00e9 mucho con ellas y hoy voy a seguir acompa\u00f1ando sus conmemoraciones porque me interesa entenderlas: Quiero que juntos construyamos ese modelo de provincia en el que todos queremos vivir y que no distingue privilegios entre g\u00e9neros. S\u00e9 que es dif\u00edcil pero no creo en los imposibles. Ellas son el ejemplo\u201d; cerr\u00f3 notablemente movilizado\u201d.<\/p>\n","protected":false},"excerpt":{"rendered":"<p>El farmac\u00e9utico, productor agropecuario y precandidato a gobernador del Chaco, Juan Carlos Polini, recorri\u00f3 la ciudad de Resistencia saludando a mujeres emprendedoras y tambi\u00e9n a trabajadoras p\u00fablicas \u201cEllas son el ejemplo de provincia que queremos construir\u201d. Emprendedoras Polini relat\u00f3 \u201cEn esta ocasi\u00f3n visit\u00e9 a Gisela, Cristina y Anal\u00eda, tres emprendedoras de Resistencia que, cada una [&hellip;]<\/p>\n","protected":false},"author":1,"featured_media":19564,"comment_status":"closed","ping_status":"closed","sticky":false,"template":"","format":"standard","meta":{"footnotes":""},"categories":[6],"tags":[],"class_list":{"0":"post-19563","1":"post","2":"type-post","3":"status-publish","4":"format-standard","5":"has-post-thumbnail","7":"category-chaco"},"_links":{"self":[{"href":"https:\/\/chacosintesis.com.ar\/index.php\/wp-json\/wp\/v2\/posts\/19563","targetHints":{"allow":["GET"]}}],"collection":[{"href":"https:\/\/chacosintesis.com.ar\/index.php\/wp-json\/wp\/v2\/posts"}],"about":[{"href":"https:\/\/chacosintesis.com.ar\/index.php\/wp-json\/wp\/v2\/types\/post"}],"author":[{"embeddable":true,"href":"https:\/\/chacosintesis.com.ar\/index.php\/wp-json\/wp\/v2\/users\/1"}],"replies":[{"embeddable":true,"href":"https:\/\/chacosintesis.com.ar\/index.php\/wp-json\/wp\/v2\/comments?post=19563"}],"version-history":[{"count":0,"href":"https:\/\/chacosintesis.com.ar\/index.php\/wp-json\/wp\/v2\/posts\/19563\/revisions"}],"wp:featuredmedia":[{"embeddable":true,"href":"https:\/\/chacosintesis.com.ar\/index.php\/wp-json\/wp\/v2\/media\/19564"}],"wp:attachment":[{"href":"https:\/\/chacosintesis.com.ar\/index.php\/wp-json\/wp\/v2\/media?parent=19563"}],"wp:term":[{"taxonomy":"category","embeddable":true,"href":"https:\/\/chacosintesis.com.ar\/index.php\/wp-json\/wp\/v2\/categories?post=19563"},{"taxonomy":"post_tag","embeddable":true,"href":"https:\/\/chacosintesis.com.ar\/index.php\/wp-json\/wp\/v2\/tags?post=19563"}],"curies":[{"name":"wp","href":"https:\/\/api.w.org\/{rel}","templated":true}]}}