{"id":19559,"date":"2023-03-08T23:19:14","date_gmt":"2023-03-09T02:19:14","guid":{"rendered":"https:\/\/chacosintesis.com.ar\/?p=19559"},"modified":"2023-03-08T23:36:42","modified_gmt":"2023-03-09T02:36:42","slug":"continua-la-busqueda-de-salustiano-gimenez","status":"publish","type":"post","link":"https:\/\/chacosintesis.com.ar\/index.php\/continua-la-busqueda-de-salustiano-gimenez\/","title":{"rendered":"Contin\u00faa la b\u00fasqueda de Salustiano Gim\u00e9nez"},"content":{"rendered":"<p>Para encontrar al joven wich\u00ed, trabajan articuladamente el Sistema Provincial de B\u00fasqueda de Personas Desaparecidas y Extraviadas, las divisiones de Articulaci\u00f3n e Inteligencia, el departamento Canes y la divisi\u00f3n V.A.N.T. de la Polic\u00eda del Chaco.<\/p>\n<p> Con todos los recursos disponibles para estos casos, el Sistema Provincial de B\u00fasqueda de Personas Desaparecidas y Extraviadas busca al joven wich\u00ed desde el 18 de febrero. Se realizan rastrillajes por cuadrante en toda la regi\u00f3n, y, desde el domingo, se sumaron refuerzos.<br \/>\nEl Ministerio de Seguridad y Justicia record\u00f3 que Chaco es parte del Sistema Federal de B\u00fasqueda de Personas, lo que permiti\u00f3 al Gobierno provincial solicitar la intervenci\u00f3n de refuerzos de brigadas que estaban en Salta, Tucum\u00e1n y Buenos Aires, as\u00ed como escuadrones de Bomberos Voluntarios, para sumarse al trabajo que ven\u00eda realizando el Sistema de B\u00fasqueda Provincial con la Polic\u00eda del Chaco.<br \/>\nLa provincia del Chaco es pionera en la regi\u00f3n, ya que cuenta con tecnolog\u00eda de avanzada, dron t\u00e9rmico, y veh\u00edculos apropiados para distintos terrenos. Adem\u00e1s del personal especializado en el \u00e1rea, se articulan las tareas con las divisiones de Articulaci\u00f3n e Inteligencia, B\u00fasqueda de Personas, el departamento Canes y la divisi\u00f3n V.A.N.T. de la Polic\u00eda del Chaco.<br \/>\nA trav\u00e9s de este \u00f3rgano, se busca sumar todas las capacidades de investigaci\u00f3n y rescate de organismos municipales, provinciales y nacionales, incluyendo al Poder Judicial, en coordinaci\u00f3n con el Sistema Federal de B\u00fasqueda de Personas Desaparecidas y Extraviadas.<br \/>\nEn 2021, cuando se present\u00f3 el Sistema, tambi\u00e9n se lanzaron capacitaciones para el personal, a cargo de especialistas del Sistema Federal de B\u00fasqueda, del Ministerio de Seguridad de la Naci\u00f3n, y se realizaron entregas importantes de recursos como embarcaciones, drones y perros entrenados. Luego, el Ministerio de Seguridad y Justicia de la provincia coordin\u00f3 otras entregas y capacitaciones pertinentes.<br \/>\nUna de las m\u00e1s recientes fue la formaci\u00f3n en Odorolog\u00eda Forense en Canes y Detecci\u00f3n de Restos Humanos. Por primera vez se realiz\u00f3 una certificaci\u00f3n de dos canes para que luego, en el apartado judicial, beneficie el trabajo de la fiscal\u00eda. Cada perro fue entrenado para buscar individuos en distintos ambientes, con diferentes t\u00e9cnicas, y cuentan con certificaci\u00f3n para operar junto con oficiales de la Polic\u00eda del Chaco en la provincia y en otros lugares del pa\u00eds, como herramienta para detectar y validar evidencia y restos humanos.<br \/>\nLa gesti\u00f3n de estos recursos es una decisi\u00f3n del Gobierno provincial para extremar todos los recursos y coordinar acciones preventivas y resolutivas, garantizando el derecho de los familiares a conocer la verdad y obtener un amplio acceso a la justicia.<br \/>\nLa semana pasada, el Gobierno de la provincia solicit\u00f3 la intervenci\u00f3n del SIFEBU para aunar esfuerzos, y en este momento la b\u00fasqueda contin\u00faa con rastrillajes con m\u00e1s canes especializados de la Superintendencia Federal de la Polic\u00eda Federal Argentina, junto a un grupo t\u00e1ctico UTIF (Unidad T\u00e1ctica de Intervenci\u00f3n Federal), un organismo \u00e1gil y vers\u00e1til, desplegado estrat\u00e9gicamente para reforzar la seguridad en el interior del pa\u00eds y cooperar con otras divisiones.<\/p>\n","protected":false},"excerpt":{"rendered":"<p>Para encontrar al joven wich\u00ed, trabajan articuladamente el Sistema Provincial de B\u00fasqueda de Personas Desaparecidas y Extraviadas, las divisiones de Articulaci\u00f3n e Inteligencia, el departamento Canes y la divisi\u00f3n V.A.N.T. de la Polic\u00eda del Chaco. Con todos los recursos disponibles para estos casos, el Sistema Provincial de B\u00fasqueda de Personas Desaparecidas y Extraviadas busca al [&hellip;]<\/p>\n","protected":false},"author":1,"featured_media":19560,"comment_status":"closed","ping_status":"closed","sticky":false,"template":"","format":"standard","meta":{"footnotes":""},"categories":[6],"tags":[],"class_list":{"0":"post-19559","1":"post","2":"type-post","3":"status-publish","4":"format-standard","5":"has-post-thumbnail","7":"category-chaco"},"_links":{"self":[{"href":"https:\/\/chacosintesis.com.ar\/index.php\/wp-json\/wp\/v2\/posts\/19559","targetHints":{"allow":["GET"]}}],"collection":[{"href":"https:\/\/chacosintesis.com.ar\/index.php\/wp-json\/wp\/v2\/posts"}],"about":[{"href":"https:\/\/chacosintesis.com.ar\/index.php\/wp-json\/wp\/v2\/types\/post"}],"author":[{"embeddable":true,"href":"https:\/\/chacosintesis.com.ar\/index.php\/wp-json\/wp\/v2\/users\/1"}],"replies":[{"embeddable":true,"href":"https:\/\/chacosintesis.com.ar\/index.php\/wp-json\/wp\/v2\/comments?post=19559"}],"version-history":[{"count":0,"href":"https:\/\/chacosintesis.com.ar\/index.php\/wp-json\/wp\/v2\/posts\/19559\/revisions"}],"wp:featuredmedia":[{"embeddable":true,"href":"https:\/\/chacosintesis.com.ar\/index.php\/wp-json\/wp\/v2\/media\/19560"}],"wp:attachment":[{"href":"https:\/\/chacosintesis.com.ar\/index.php\/wp-json\/wp\/v2\/media?parent=19559"}],"wp:term":[{"taxonomy":"category","embeddable":true,"href":"https:\/\/chacosintesis.com.ar\/index.php\/wp-json\/wp\/v2\/categories?post=19559"},{"taxonomy":"post_tag","embeddable":true,"href":"https:\/\/chacosintesis.com.ar\/index.php\/wp-json\/wp\/v2\/tags?post=19559"}],"curies":[{"name":"wp","href":"https:\/\/api.w.org\/{rel}","templated":true}]}}