{"id":19555,"date":"2023-03-08T19:57:48","date_gmt":"2023-03-08T22:57:48","guid":{"rendered":"https:\/\/chacosintesis.com.ar\/?p=19555"},"modified":"2023-03-08T20:06:40","modified_gmt":"2023-03-08T23:06:40","slug":"procuraduria-le-dio-la-razon-a-la-oposicion-en-las-denuncias-por-fraude-contra-la-suspension-de-las-paso-e-inclusion-de-colectoras","status":"publish","type":"post","link":"https:\/\/chacosintesis.com.ar\/index.php\/procuraduria-le-dio-la-razon-a-la-oposicion-en-las-denuncias-por-fraude-contra-la-suspension-de-las-paso-e-inclusion-de-colectoras\/","title":{"rendered":"Procuradur\u00eda le dio la raz\u00f3n a la oposici\u00f3n en las denuncias por &#8220;fraude&#8221; contra la suspensi\u00f3n de las PASO e inclusi\u00f3n de colectoras"},"content":{"rendered":"<p>La resoluci\u00f3n del procurador adjunto, Hugo Miguel Fonteina, consider\u00f3 que se soslayaron procesos y que la ampliaci\u00f3n de los miembros en la Comisi\u00f3n de Asuntos Constitucionales &#8220;surge irregular&#8221;. Ahora, el STJ deber\u00e1 dar la sentencia final.<br \/>\n El procurador general adjunto, Hugo Miguel Fonteina, le dio la raz\u00f3n a los legisladores de la oposici\u00f3n en su dictamen por la pol\u00e9mica suspensi\u00f3n de las PASO e inclusi\u00f3n de las listas colectoras durante la cuestionada sesi\u00f3n ordinaria del pasado 7 de diciembre.<br \/>\nDurante aquella sesi\u00f3n, la presidencia de la C\u00e1mara baja emiti\u00f3 una resoluci\u00f3n extraordinaria mediante la cual aument\u00f3 el n\u00famero de integrantes de la Comisi\u00f3n de Asuntos Constitucionales con el fundamento de que &#8220;no funcionaba&#8221;. En cuesti\u00f3n de minutos, algunos legisladores afirmaron haber llevado a cabo en el acto una reuni\u00f3n de la Comisi\u00f3n y haber dado despacho a los proyectos de la suspensi\u00f3n de las PASO y las colectoras.<br \/>\n Este proceso fue catalogado como fraudulento por la oposici\u00f3n y por la propia comisi\u00f3n debido a que la reuni\u00f3n excepcional se habr\u00eda llevado a cabo sin la presencia del presidente de la entidad, Gustavo Corradi.<br \/>\nEn este sentido, el Ministerio P\u00fablico Fiscal, en la resoluci\u00f3n a la cual Diario Chaco  accedi\u00f3, se\u00f1al\u00f3: &#8220;Se vislumbra que el procedimiento para la ampliaci\u00f3n de los integrantes de la Comisi\u00f3n de Asuntos Constitucionales surge irregular&#8221;. Adem\u00e1s, Fonteina cit\u00f3 una causa anterior y similar, donde magistrados fallaron a favor de la oposici\u00f3n.<br \/>\nSeg\u00fan indic\u00f3, se trata de la resoluci\u00f3n del Alto Cuerpo en la sentencia N\u00b0 188, con fecha del 23 de junio de 2021 y registro en la Sala T\u00e9cnica N\u00b03. Espec\u00edficamente, Fonteina se refiri\u00f3 a esta resoluci\u00f3n con el siguiente contexto: &#8220;En resumidas cuentas sostuvo que el Reglamento Interno prev\u00e9 una serie de etapas previas a la ampliaci\u00f3n de los miembros de la comisi\u00f3n que no funcione&#8221;.<br \/>\nAs\u00ed las cosas, el MPF consider\u00f3 que los pasos previos a la ampliaci\u00f3n directa de los miembros de la Comisi\u00f3n fueron &#8220;soslayados&#8221;.<br \/>\nPor \u00faltimo, resolvi\u00f3: &#8220;Por resultar dicha plataforma f\u00e1ctico-jur\u00eddica similar a la planteada en autos, considero que ese Alto Cuerpo debiera hacer lugar parcialmente a las acciones de amparo deducidas&#8221;.<br \/>\nEl dictamen del procurador adjunto significa un paso previo a la sentencia final, que ser\u00e1 dada a conocer por el Superior Tribunal de Justicia tras la unificaci\u00f3n de las dos presentaciones judiciales que realizaron los legisladores Gustavo Corradi y Leandro Zdero -este \u00faltimo en una C\u00e1mara Contencioso Administrativo.<br \/>\n DIARIO CHACO.-<\/p>\n","protected":false},"excerpt":{"rendered":"<p>La resoluci\u00f3n del procurador adjunto, Hugo Miguel Fonteina, consider\u00f3 que se soslayaron procesos y que la ampliaci\u00f3n de los miembros en la Comisi\u00f3n de Asuntos Constitucionales &#8220;surge irregular&#8221;. Ahora, el STJ deber\u00e1 dar la sentencia final. El procurador general adjunto, Hugo Miguel Fonteina, le dio la raz\u00f3n a los legisladores de la oposici\u00f3n en su [&hellip;]<\/p>\n","protected":false},"author":1,"featured_media":19556,"comment_status":"closed","ping_status":"closed","sticky":false,"template":"","format":"standard","meta":{"footnotes":""},"categories":[6],"tags":[],"class_list":{"0":"post-19555","1":"post","2":"type-post","3":"status-publish","4":"format-standard","5":"has-post-thumbnail","7":"category-chaco"},"_links":{"self":[{"href":"https:\/\/chacosintesis.com.ar\/index.php\/wp-json\/wp\/v2\/posts\/19555","targetHints":{"allow":["GET"]}}],"collection":[{"href":"https:\/\/chacosintesis.com.ar\/index.php\/wp-json\/wp\/v2\/posts"}],"about":[{"href":"https:\/\/chacosintesis.com.ar\/index.php\/wp-json\/wp\/v2\/types\/post"}],"author":[{"embeddable":true,"href":"https:\/\/chacosintesis.com.ar\/index.php\/wp-json\/wp\/v2\/users\/1"}],"replies":[{"embeddable":true,"href":"https:\/\/chacosintesis.com.ar\/index.php\/wp-json\/wp\/v2\/comments?post=19555"}],"version-history":[{"count":0,"href":"https:\/\/chacosintesis.com.ar\/index.php\/wp-json\/wp\/v2\/posts\/19555\/revisions"}],"wp:featuredmedia":[{"embeddable":true,"href":"https:\/\/chacosintesis.com.ar\/index.php\/wp-json\/wp\/v2\/media\/19556"}],"wp:attachment":[{"href":"https:\/\/chacosintesis.com.ar\/index.php\/wp-json\/wp\/v2\/media?parent=19555"}],"wp:term":[{"taxonomy":"category","embeddable":true,"href":"https:\/\/chacosintesis.com.ar\/index.php\/wp-json\/wp\/v2\/categories?post=19555"},{"taxonomy":"post_tag","embeddable":true,"href":"https:\/\/chacosintesis.com.ar\/index.php\/wp-json\/wp\/v2\/tags?post=19555"}],"curies":[{"name":"wp","href":"https:\/\/api.w.org\/{rel}","templated":true}]}}