{"id":19553,"date":"2023-03-08T14:26:05","date_gmt":"2023-03-08T17:26:05","guid":{"rendered":"https:\/\/chacosintesis.com.ar\/?p=19553"},"modified":"2023-03-08T14:36:44","modified_gmt":"2023-03-08T17:36:44","slug":"un-8-de-marzo-marcado-por-un-femicidio-vinculado-en-quitilipi","status":"publish","type":"post","link":"https:\/\/chacosintesis.com.ar\/index.php\/un-8-de-marzo-marcado-por-un-femicidio-vinculado-en-quitilipi\/","title":{"rendered":"Un 8 de marzo marcado por un femicidio vinculado en Quitilipi"},"content":{"rendered":"<p>Un sujeto es intensamente buscado por la Polic\u00eda del Chaco, qui\u00e9n est\u00e1 acusado de asesinar a su expareja y al novio de ella, quienes estaban juntos en el domicilio de la mujer en el barrio Verdoljak.<\/p>\n<p>El terrible hecho policial habr\u00eda ocurrido a primeras horas de este mi\u00e9rcoles.<br \/>\nEl asesino ten\u00eda restricci\u00f3n de acercamiento y mat\u00f3 a su ex esposa y su pareja de varias pu\u00f1aladas.<\/p>\n<p>Las v\u00edctimas  son Antonella Altamirano, maestra jardinera del Jard\u00edn de Infantes N\u00b0 252 y Evaristo de Jes\u00fas Saux, tambi\u00e9n docente.<br \/>\nEl hecho caus\u00f3 gran conmoci\u00f3n en la comunidad educativa.<br \/>\n DIARIO NORTE.-<\/p>\n","protected":false},"excerpt":{"rendered":"<p>Un sujeto es intensamente buscado por la Polic\u00eda del Chaco, qui\u00e9n est\u00e1 acusado de asesinar a su expareja y al novio de ella, quienes estaban juntos en el domicilio de la mujer en el barrio Verdoljak. El terrible hecho policial habr\u00eda ocurrido a primeras horas de este mi\u00e9rcoles. El asesino ten\u00eda restricci\u00f3n de acercamiento y [&hellip;]<\/p>\n","protected":false},"author":1,"featured_media":19554,"comment_status":"closed","ping_status":"closed","sticky":false,"template":"","format":"standard","meta":{"footnotes":""},"categories":[6],"tags":[197],"class_list":{"0":"post-19553","1":"post","2":"type-post","3":"status-publish","4":"format-standard","5":"has-post-thumbnail","7":"category-chaco","8":"tag-destacada"},"_links":{"self":[{"href":"https:\/\/chacosintesis.com.ar\/index.php\/wp-json\/wp\/v2\/posts\/19553","targetHints":{"allow":["GET"]}}],"collection":[{"href":"https:\/\/chacosintesis.com.ar\/index.php\/wp-json\/wp\/v2\/posts"}],"about":[{"href":"https:\/\/chacosintesis.com.ar\/index.php\/wp-json\/wp\/v2\/types\/post"}],"author":[{"embeddable":true,"href":"https:\/\/chacosintesis.com.ar\/index.php\/wp-json\/wp\/v2\/users\/1"}],"replies":[{"embeddable":true,"href":"https:\/\/chacosintesis.com.ar\/index.php\/wp-json\/wp\/v2\/comments?post=19553"}],"version-history":[{"count":0,"href":"https:\/\/chacosintesis.com.ar\/index.php\/wp-json\/wp\/v2\/posts\/19553\/revisions"}],"wp:featuredmedia":[{"embeddable":true,"href":"https:\/\/chacosintesis.com.ar\/index.php\/wp-json\/wp\/v2\/media\/19554"}],"wp:attachment":[{"href":"https:\/\/chacosintesis.com.ar\/index.php\/wp-json\/wp\/v2\/media?parent=19553"}],"wp:term":[{"taxonomy":"category","embeddable":true,"href":"https:\/\/chacosintesis.com.ar\/index.php\/wp-json\/wp\/v2\/categories?post=19553"},{"taxonomy":"post_tag","embeddable":true,"href":"https:\/\/chacosintesis.com.ar\/index.php\/wp-json\/wp\/v2\/tags?post=19553"}],"curies":[{"name":"wp","href":"https:\/\/api.w.org\/{rel}","templated":true}]}}