{"id":19551,"date":"2023-03-08T14:23:31","date_gmt":"2023-03-08T17:23:31","guid":{"rendered":"https:\/\/chacosintesis.com.ar\/?p=19551"},"modified":"2023-03-08T14:36:43","modified_gmt":"2023-03-08T17:36:43","slug":"el-gobernador-anuncio-incremento-del-82-anual-para-agentes-de-la-policia-y-servicio-penitenciario-del-chaco","status":"publish","type":"post","link":"https:\/\/chacosintesis.com.ar\/index.php\/el-gobernador-anuncio-incremento-del-82-anual-para-agentes-de-la-policia-y-servicio-penitenciario-del-chaco\/","title":{"rendered":"El gobernador anunci\u00f3 incremento del 82% anual para agentes de la Polic\u00eda y Servicio Penitenciario del Chaco"},"content":{"rendered":"<p>Durante un acto que tuvo lugar en la Escuela de la Polic\u00eda que se encuentra en Resistencia, el gobernador Jorge Capitanich anunci\u00f3 el incremento salarial destinado a personal de la Polic\u00eda y el Servicio Penitenciario provincial durante este 2023. Adem\u00e1s, adelant\u00f3 que este a\u00f1o se buscar\u00e1 llevar adelante el Instituto Provincial en Materia de Seguridad P\u00fablica para la formaci\u00f3n profesional, se incrementar\u00e1n los cupos de asignaci\u00f3n de viviendas para la fuerza policial y se destinar\u00e1 m\u00e1s tecnolog\u00eda, elementos de seguridad y patrulleros.<br \/>\nEl aumento para el personal policial y el SPP se fija en un 82% anual acumulado al salario b\u00e1sico, compuesto por un 20% de incremento en marzo, m\u00e1s $6.500 en concepto de refrigerio y la suba de la base de c\u00e1lculo de la bonificaci\u00f3n por compensaci\u00f3n por no asignaci\u00f3n de vivienda en 40 puntos porcentuales, obteniendo un agente con el m\u00ednimo de antig\u00fcedad, un salario l\u00edquido de $164.849. A partir de mayo, se otorgar\u00e1 un aumento del 10% al b\u00e1sico, 10 puntos porcentuales para la base de c\u00e1lculo por no asignaci\u00f3n de vivienda m\u00e1s $4.000 en concepto de refrigerio ($187.518), en julio, el incremento ser\u00e1 del 10% ($203.851), octubre 12% ($225.397) y en diciembre del 12% ($249.529).<br \/>\n\u201cEl acuerdo al que arrib\u00f3 el Poder Ejecutivo con las fuerzas de seguridad garantiza que el salario de todos y todas las agentes de la provincia y del Servicio Penitenciario le ganar\u00e1 a la inflaci\u00f3n. Eso significa recuperaci\u00f3n del poder adquisitivo del salario real, y eso significa mayor poder de compra, capacidad de nuestros agentes para desempe\u00f1ar sus funciones acorde a la vocaci\u00f3n de servicio y una pol\u00edtica del Estado\u201d, destac\u00f3 el gobernador, y agreg\u00f3 que \u201cel Estado tiene un rol indispensable en la organizaci\u00f3n del sistema institucional, econ\u00f3mico, pol\u00edtico y social de la provincia. En ese contexto, cuando uno define una pol\u00edtica salarial, propende a la organizaci\u00f3n de las familias\u201d.<br \/>\n A su vez, el mandatario anunci\u00f3 que en este 2023 \u201cvamos a propiciar la implementaci\u00f3n del Instituto Provincial en Materia de Seguridad P\u00fablica, con el objeto de establecer mecanismos de formaci\u00f3n, desde tecnicaturas para los ingresantes hasta los proceso que nos permitan tener las licenciaturas, especializaci\u00f3n, diplomaturas, para llegar a maestr\u00edas, a fin de establecer el m\u00e1s alto rango diferencia en el nivel de organizaci\u00f3n\u201d.<br \/>\nPor otro lado, agreg\u00f3 tambi\u00e9n que \u201cvamos a implementar cupos incrementales de asignaci\u00f3n de viviendas en distintas localidades, y vamos a generar las condiciones para incrementar la capacidad instalada de 700 unidades de albergue a detenidos, conjuntamente con m\u00e1s patrulleros, elementos de seguridad y m\u00e1s tecnolog\u00eda como se viene haciendo en la fuerza\u201d.<br \/>\nFinalmente se refiri\u00f3 a los agentes, a quienes les agradeci\u00f3 \u201cel esfuerzo que realizan todos los d\u00edas en el desenvolvimiento de sus deberes\u201d, y remarc\u00f3 que \u201cvamos a estar siempre del lado del orden p\u00fablico de la ley, de nuestra Constituci\u00f3n, pero tambi\u00e9n defendiendo claramente el valor de nuestros miembros de la fuerza de seguridad\u201d.<\/p>\n","protected":false},"excerpt":{"rendered":"<p>Durante un acto que tuvo lugar en la Escuela de la Polic\u00eda que se encuentra en Resistencia, el gobernador Jorge Capitanich anunci\u00f3 el incremento salarial destinado a personal de la Polic\u00eda y el Servicio Penitenciario provincial durante este 2023. Adem\u00e1s, adelant\u00f3 que este a\u00f1o se buscar\u00e1 llevar adelante el Instituto Provincial en Materia de Seguridad [&hellip;]<\/p>\n","protected":false},"author":1,"featured_media":19552,"comment_status":"closed","ping_status":"closed","sticky":false,"template":"","format":"standard","meta":{"footnotes":""},"categories":[6],"tags":[],"class_list":{"0":"post-19551","1":"post","2":"type-post","3":"status-publish","4":"format-standard","5":"has-post-thumbnail","7":"category-chaco"},"_links":{"self":[{"href":"https:\/\/chacosintesis.com.ar\/index.php\/wp-json\/wp\/v2\/posts\/19551","targetHints":{"allow":["GET"]}}],"collection":[{"href":"https:\/\/chacosintesis.com.ar\/index.php\/wp-json\/wp\/v2\/posts"}],"about":[{"href":"https:\/\/chacosintesis.com.ar\/index.php\/wp-json\/wp\/v2\/types\/post"}],"author":[{"embeddable":true,"href":"https:\/\/chacosintesis.com.ar\/index.php\/wp-json\/wp\/v2\/users\/1"}],"replies":[{"embeddable":true,"href":"https:\/\/chacosintesis.com.ar\/index.php\/wp-json\/wp\/v2\/comments?post=19551"}],"version-history":[{"count":0,"href":"https:\/\/chacosintesis.com.ar\/index.php\/wp-json\/wp\/v2\/posts\/19551\/revisions"}],"wp:featuredmedia":[{"embeddable":true,"href":"https:\/\/chacosintesis.com.ar\/index.php\/wp-json\/wp\/v2\/media\/19552"}],"wp:attachment":[{"href":"https:\/\/chacosintesis.com.ar\/index.php\/wp-json\/wp\/v2\/media?parent=19551"}],"wp:term":[{"taxonomy":"category","embeddable":true,"href":"https:\/\/chacosintesis.com.ar\/index.php\/wp-json\/wp\/v2\/categories?post=19551"},{"taxonomy":"post_tag","embeddable":true,"href":"https:\/\/chacosintesis.com.ar\/index.php\/wp-json\/wp\/v2\/tags?post=19551"}],"curies":[{"name":"wp","href":"https:\/\/api.w.org\/{rel}","templated":true}]}}