{"id":19547,"date":"2023-03-08T13:34:16","date_gmt":"2023-03-08T16:34:16","guid":{"rendered":"https:\/\/chacosintesis.com.ar\/?p=19547"},"modified":"2023-03-08T13:38:36","modified_gmt":"2023-03-08T16:38:36","slug":"movimiento-de-bovinos-y-bubalinos-durante-la-campana-de-vacunacion-antiaftosa","status":"publish","type":"post","link":"https:\/\/chacosintesis.com.ar\/index.php\/movimiento-de-bovinos-y-bubalinos-durante-la-campana-de-vacunacion-antiaftosa\/","title":{"rendered":"Movimiento de bovinos y bubalinos durante la campa\u00f1a de vacunaci\u00f3n antiaftosa"},"content":{"rendered":"<p>El Senasa adecua condiciones de traslado de hacienda ante la situaci\u00f3n generada por fen\u00f3menos ambientales de alto impacto en el sector.<\/p>\n<p>Ante la ocurrencia de fen\u00f3menos ambientales como intensas sequ\u00edas y\/o incendios forestales que afectan a gran parte del pa\u00eds, el Servicio Nacional de Sanidad y Calidad Agroalimentaria (Senasa) estableci\u00f3 medidas excepcionales para los movimientos de bovinos y bubalinos durante la campa\u00f1a de vacunaci\u00f3n antiaftosa y antibruc\u00e9lica.<br \/>\nLa medida est\u00e1 contemplada en la Resoluci\u00f3n 199\/2023, publicada hoy en el Bolet\u00edn Oficial con la firma de la presidenta del Senasa, Diana Guill\u00e9n.<br \/>\nAs\u00ed, la norma except\u00faa en los primeros 15 d\u00edas de iniciada la campa\u00f1a, el cumplimiento de la vacunaci\u00f3n contra la fiebre aftosa en los movimientos de bovinos y bubalinos procedentes de establecimientos agropecuarios que a\u00fan no hayan cumplimentado la vacunaci\u00f3n referida, siempre y cuando el destino de estos animales sean establecimientos que, al momento de la recepci\u00f3n, tampoco hayan cumplimentado la vacunaci\u00f3n correspondiente.<br \/>\nEn esos casos, al momento de realizarse en el establecimiento de destino la vacunaci\u00f3n sistem\u00e1tica de campa\u00f1a del corriente a\u00f1o se deber\u00e1 vacunar a la totalidad de los animales existentes en el mismo, de acuerdo a la categor\u00eda correspondiente a vacunar seg\u00fan la campa\u00f1a en curso.<br \/>\nPor otro lado, tambi\u00e9n se permite el movimiento de bovinos y bubalinos de las categor\u00edas terneras y terneros con una sola dosis de vacunaci\u00f3n (primovacunados).<\/p>\n","protected":false},"excerpt":{"rendered":"<p>El Senasa adecua condiciones de traslado de hacienda ante la situaci\u00f3n generada por fen\u00f3menos ambientales de alto impacto en el sector. Ante la ocurrencia de fen\u00f3menos ambientales como intensas sequ\u00edas y\/o incendios forestales que afectan a gran parte del pa\u00eds, el Servicio Nacional de Sanidad y Calidad Agroalimentaria (Senasa) estableci\u00f3 medidas excepcionales para los movimientos [&hellip;]<\/p>\n","protected":false},"author":1,"featured_media":19548,"comment_status":"closed","ping_status":"closed","sticky":false,"template":"","format":"standard","meta":{"footnotes":""},"categories":[6],"tags":[],"class_list":{"0":"post-19547","1":"post","2":"type-post","3":"status-publish","4":"format-standard","5":"has-post-thumbnail","7":"category-chaco"},"_links":{"self":[{"href":"https:\/\/chacosintesis.com.ar\/index.php\/wp-json\/wp\/v2\/posts\/19547","targetHints":{"allow":["GET"]}}],"collection":[{"href":"https:\/\/chacosintesis.com.ar\/index.php\/wp-json\/wp\/v2\/posts"}],"about":[{"href":"https:\/\/chacosintesis.com.ar\/index.php\/wp-json\/wp\/v2\/types\/post"}],"author":[{"embeddable":true,"href":"https:\/\/chacosintesis.com.ar\/index.php\/wp-json\/wp\/v2\/users\/1"}],"replies":[{"embeddable":true,"href":"https:\/\/chacosintesis.com.ar\/index.php\/wp-json\/wp\/v2\/comments?post=19547"}],"version-history":[{"count":0,"href":"https:\/\/chacosintesis.com.ar\/index.php\/wp-json\/wp\/v2\/posts\/19547\/revisions"}],"wp:featuredmedia":[{"embeddable":true,"href":"https:\/\/chacosintesis.com.ar\/index.php\/wp-json\/wp\/v2\/media\/19548"}],"wp:attachment":[{"href":"https:\/\/chacosintesis.com.ar\/index.php\/wp-json\/wp\/v2\/media?parent=19547"}],"wp:term":[{"taxonomy":"category","embeddable":true,"href":"https:\/\/chacosintesis.com.ar\/index.php\/wp-json\/wp\/v2\/categories?post=19547"},{"taxonomy":"post_tag","embeddable":true,"href":"https:\/\/chacosintesis.com.ar\/index.php\/wp-json\/wp\/v2\/tags?post=19547"}],"curies":[{"name":"wp","href":"https:\/\/api.w.org\/{rel}","templated":true}]}}