{"id":19545,"date":"2023-03-08T13:28:02","date_gmt":"2023-03-08T16:28:02","guid":{"rendered":"https:\/\/chacosintesis.com.ar\/?p=19545"},"modified":"2023-03-08T13:38:35","modified_gmt":"2023-03-08T16:38:35","slug":"corradi-esperamos-una-resolucion-judicial-que-restituya-la-legalidad-y-la-calidad-democratica-del-poder-legislativo","status":"publish","type":"post","link":"https:\/\/chacosintesis.com.ar\/index.php\/corradi-esperamos-una-resolucion-judicial-que-restituya-la-legalidad-y-la-calidad-democratica-del-poder-legislativo\/","title":{"rendered":"Corradi: &#8220;Esperamos una resoluci\u00f3n judicial que restituya la legalidad y la calidad democr\u00e1tica del poder legislativo&#8221;"},"content":{"rendered":"<p>El presidente de la Comisi\u00f3n de Asuntos Constitucionales de la C\u00e1mara de Diputados, Gustavo Corradi, dio detalles de las \u00faltimas novedades respecto de recurso presentado ante el Superior Tribunal de Justicia de la provincia solicitando la clausura del per\u00edodo probatorio y se dicte sentencia en la causa \u201cCORRADI. GUSTAVO SILVIO Y OTROS S\/ ACCI\u00d3N DE AMPARO Y MEDIDA CAUTELAR&#8221;, Expte. N\u00b0 12951\/2022-1\u201d referida a la modificaci\u00f3n en forma ilegal de la composici\u00f3n de la mencionada Comisi\u00f3n como as\u00ed tambi\u00e9n de las Leyes que suspenden las elecciones primarias, abiertas, simult\u00e1neas y obligatorias (PASO) e implementa el sistema de candidaturas m\u00faltiples en la provincia en la sesi\u00f3n del pasado 7 de diciembre de 2022.<br \/>\n IMPOSIBILIDAD MATEM\u00c1TICA DE LOS 2\/3 DE LOS VOTOS.<br \/>\n Al referirse a la solicitud efectuada al Superior Tribunal de Justicia, Corradi se\u00f1al\u00f3 \u201cHemos incorporado material probatorio que resulta relevante y conducente para la resoluci\u00f3n de la misma,  la presidencia de la C\u00e1mara de Diputados present\u00f3 en sede judicial un informe que en sus fundamentos sostiene y valida la ilegalidad que dio origen a esta causa, pero el mismo es claramente contrario con el material audiovisual de la sesi\u00f3n legislativa aportado por la propia Legislatura del Chaco, del mismo surge la inconsistencia e incongruencia manifiesta y l\u00f3gicamente la imposibilidad matem\u00e1tica de que reunieran los votos afirmativos de los dos tercios de los presentes\u201d<br \/>\n \u201cLos legisladores presentes eran 32, es decir la totalidad del cuerpo, para obtener los dos tercios se requieren 22 votos,  en el material audiovisual aportado se aprecia a simple vista que los legisladores que pertenecen al bloque de la UCR, que son 11 diputados, no emitieron su voto, tampoco expresaron su voto, por ning\u00fan signo, los diputados provinciales pertenecientes al Bloque Frente Integrador que son 3, si sumamos ambos bloques totalizan 14 legisladores, por lo tanto el n\u00famero de \u201cposibles\u201d votos afirmativos surge de una simple resta, 32 menos 14, lo que arroja 18 votos, en ning\u00fan momento reunieron las dos terceras partes de los votos de los presentes que requiere el Reglamento Interno para ingresar una moci\u00f3n sobre tablas, inclusive tambi\u00e9n se aprecia en la filmaci\u00f3n que no votaron varios legisladores oficialistas, quienes seguramente fueron sorprendidos por la maniobra burda e ilegal\u201d.<br \/>\n SE VALORE EL MATERIAL AUDIOVISUAL DE LA SESI\u00d3N LEGISLATIVA<br \/>\n Finalmente se\u00f1al\u00f3 \u201cEs as\u00ed que en las \u00faltimas horas hemos solicitado mediante presentaci\u00f3n judicial se considere y valore el material audiovisual probatorio incorporado a la causa, emitido por la Direcci\u00f3n de Sistemas y Comunicaciones de la C\u00e1mara de Diputados referente a la Sesi\u00f3n Ordinaria N\u00b0 34 del d\u00eda mi\u00e9rcoles 7 de diciembre del 2022, puntualmente el minuto 24:36 al minuto 24:50, es decir apenas 14 segundos, en que se trat\u00f3 la moci\u00f3n de la Diputada Ayala para la reserva, ingreso y tratamiento de la Resoluci\u00f3n N\u00b0 2197\/2022, lo que demuestra de manera contundente que los legisladores del bloque UCR y Frente Integrador no votamos afirmativamente y por lo tanto la ausencia total de 2\/3 de los votos que reglamentariamente requer\u00eda el ingreso, reserva y tratamiento de la Resoluci\u00f3n de ampliaci\u00f3n de los miembros de la Comisi\u00f3n de Asuntos Constitucionales y en ese contexto solicitamos se dicte sentencia, y esperamos que la resoluci\u00f3n judicial restituya la legalidad del procedimiento legislativo claramente vulnerado de manera ilegal y arbitraria, reforzando la calidad institucional y el principio democr\u00e1tico, pilares esenciales en un estado constitucional de derecho\u201d<\/p>\n","protected":false},"excerpt":{"rendered":"<p>El presidente de la Comisi\u00f3n de Asuntos Constitucionales de la C\u00e1mara de Diputados, Gustavo Corradi, dio detalles de las \u00faltimas novedades respecto de recurso presentado ante el Superior Tribunal de Justicia de la provincia solicitando la clausura del per\u00edodo probatorio y se dicte sentencia en la causa \u201cCORRADI. GUSTAVO SILVIO Y OTROS S\/ ACCI\u00d3N DE [&hellip;]<\/p>\n","protected":false},"author":1,"featured_media":19546,"comment_status":"closed","ping_status":"closed","sticky":false,"template":"","format":"standard","meta":{"footnotes":""},"categories":[6],"tags":[],"class_list":{"0":"post-19545","1":"post","2":"type-post","3":"status-publish","4":"format-standard","5":"has-post-thumbnail","7":"category-chaco"},"_links":{"self":[{"href":"https:\/\/chacosintesis.com.ar\/index.php\/wp-json\/wp\/v2\/posts\/19545","targetHints":{"allow":["GET"]}}],"collection":[{"href":"https:\/\/chacosintesis.com.ar\/index.php\/wp-json\/wp\/v2\/posts"}],"about":[{"href":"https:\/\/chacosintesis.com.ar\/index.php\/wp-json\/wp\/v2\/types\/post"}],"author":[{"embeddable":true,"href":"https:\/\/chacosintesis.com.ar\/index.php\/wp-json\/wp\/v2\/users\/1"}],"replies":[{"embeddable":true,"href":"https:\/\/chacosintesis.com.ar\/index.php\/wp-json\/wp\/v2\/comments?post=19545"}],"version-history":[{"count":0,"href":"https:\/\/chacosintesis.com.ar\/index.php\/wp-json\/wp\/v2\/posts\/19545\/revisions"}],"wp:featuredmedia":[{"embeddable":true,"href":"https:\/\/chacosintesis.com.ar\/index.php\/wp-json\/wp\/v2\/media\/19546"}],"wp:attachment":[{"href":"https:\/\/chacosintesis.com.ar\/index.php\/wp-json\/wp\/v2\/media?parent=19545"}],"wp:term":[{"taxonomy":"category","embeddable":true,"href":"https:\/\/chacosintesis.com.ar\/index.php\/wp-json\/wp\/v2\/categories?post=19545"},{"taxonomy":"post_tag","embeddable":true,"href":"https:\/\/chacosintesis.com.ar\/index.php\/wp-json\/wp\/v2\/tags?post=19545"}],"curies":[{"name":"wp","href":"https:\/\/api.w.org\/{rel}","templated":true}]}}