{"id":19543,"date":"2023-03-08T08:30:48","date_gmt":"2023-03-08T11:30:48","guid":{"rendered":"https:\/\/chacosintesis.com.ar\/?p=19543"},"modified":"2023-03-08T08:32:23","modified_gmt":"2023-03-08T11:32:23","slug":"el-dengue-volvio-a-dar-positivo-en-saenz-pena-despues-de-un-ano-2022-sin-casos","status":"publish","type":"post","link":"https:\/\/chacosintesis.com.ar\/index.php\/el-dengue-volvio-a-dar-positivo-en-saenz-pena-despues-de-un-ano-2022-sin-casos\/","title":{"rendered":"El dengue volvi\u00f3 a dar positivo en S\u00e1enz Pe\u00f1a despu\u00e9s de un a\u00f1o 2022 sin casos"},"content":{"rendered":"<p>Primer confirmado en el barrio Belgrano. Se activ\u00f3 el protocolo de bloqueo contra la enfermedad transmitida por el mosquito.<\/p>\n<p>El primer caso de dengue del a\u00f1o fue confirmado en el barrio Belgrano de Presidencia Roque S\u00e1enz Pe\u00f1a, activ\u00e1ndose todo el protocolo de bloqueo tras un 2022 sin positivos de la enfermedad que es transmitida por el mosquito aedes aegyptis.<\/p>\n<p>El dengue es un diagn\u00f3stico con el que convive el chaque\u00f1o desde hace varios a\u00f1os, aunque en el 2021 la zona registr\u00f3 apenas un par de casos y en el 2022 los sospechosos denunciados finalmente dieron negativos.<\/p>\n<p> \u2018Es el primer confirmado en la ciudad y en toda la regi\u00f3n, lo que implica que tras el paso de un a\u00f1o sin registros de contagios la realidad cambia y, si bien los trabajos preventivos no cesaron, debemos ahora ocuparnos en bloquear el foco\u2018, indic\u00f3 ante la consulta de NORTE el enfermero Cristian \u00c1valos, director de Zona Sanitaria VII.<\/p>\n<p> El resultado positivo significa que el equipo de lucha contra el dengue se abocara ayer, hasta que la lluvia lo permiti\u00f3, a bloquear las manzanas vecinas al domicilio del paciente en el barrio Belgrano, en el sector Sudeste de la Termal.<\/p>\n<p> \u2018Los trabajos continuar\u00e1n inmediatamente las condiciones del tiempo lo permitan con la fumigaci\u00f3n del domicilio de la persona que fue diagnosticada con dengue y posteriormente seguir\u00e1 en las viviendas de la misma manzana y del \u00e1rea contigua\u2018, detall\u00f3 el profesional de Salud P\u00fablica. Es de mencionar que hasta el momento se desconoce si la persona que result\u00f3 positiva al dengue tiene antecedentes de viajes a zonas con casos.<\/p>\n<p> BLOQUEO EN EL BARRIO BELGRANO<br \/>\nEl primer caso de dengue del 2023, con la intervenci\u00f3n del equipo de bloqueo, se pretende sea el \u00fanico y no se extienda el contagio a la zona. Los trabajos del personal de salud est\u00e1n abocados a los controles en las manzanas comprendidas entre las calles 2 hasta la 8 y desde la 9 hasta la 15 del barrio Belgrano. En ese sector se hace el bloqueo, la fumigaci\u00f3n y la entrega de repelentes.<\/p>\n<p> \u2018El mensaje para toda la comunidad de S\u00e1enz Pe\u00f1a, pero especialmente para la barriada de la zona del Sudeste de la ciudad, es que contribuyan con el control de sus domicilios eliminando los potenciales criaderos de mosquitos, utilizando adem\u00e1s repelente o protegi\u00e9ndose con ropas con mangas largas en los horarios de mayor presencia del insecto: en las primeras horas de la ma\u00f1ana y la tardecita\u2018, rese\u00f1\u00f3 el director zona sanitaria VII. \u2018Todo suma en este momento para ayudar a evitar que los contagios se repliquen\u2018, a\u00f1adi\u00f3 \u00c1valos.<\/p>\n<p> \u2018Es el agua limpia y estancada, la condici\u00f3n ideal para el desarrollo de las larvas del mosquito que, ya todos lo sabemos, es hogare\u00f1o por lo que se deben limpiar diariamente bebederos de animales, floreros y se hace necesario descartar todo recipiente que pueda retener el agua que le sirve al aedes para reproducirse\u2018, insisti\u00f3.<\/p>\n<p> TRABAJO DE CONCIENCIACI\u00d3N<br \/>\nLos profesionales de la salud destacan que \u2018aunque en el per\u00edodo pasado no se dieron casos positivos, se trabaj\u00f3 regularmente en la concienciaci\u00f3n de la poblaci\u00f3n y el descacharreo\u2018. \u2018Lo bueno es que, si bien no hab\u00eda contagios, la comunidad tom\u00f3 participaci\u00f3n de esas jornadas porque si hay algo que no debemos hacer es relajarnos, ya que el dengue es una problem\u00e1tica que est\u00e1 presente en esta regi\u00f3n del pa\u00eds\u2018, destacaron los agentes sanitarios.<\/p>\n<p> \u2018La clave est\u00e1 en que debemos ocuparnos porque tampoco sirve desesperarse y no hacer nada\u2018, refiri\u00f3 el enfermero Cristian \u00c1valos.<br \/>\n DIARIO NORTE.-<\/p>\n","protected":false},"excerpt":{"rendered":"<p>Primer confirmado en el barrio Belgrano. Se activ\u00f3 el protocolo de bloqueo contra la enfermedad transmitida por el mosquito. El primer caso de dengue del a\u00f1o fue confirmado en el barrio Belgrano de Presidencia Roque S\u00e1enz Pe\u00f1a, activ\u00e1ndose todo el protocolo de bloqueo tras un 2022 sin positivos de la enfermedad que es transmitida por [&hellip;]<\/p>\n","protected":false},"author":1,"featured_media":19544,"comment_status":"closed","ping_status":"closed","sticky":false,"template":"","format":"standard","meta":{"footnotes":""},"categories":[6],"tags":[197],"class_list":{"0":"post-19543","1":"post","2":"type-post","3":"status-publish","4":"format-standard","5":"has-post-thumbnail","7":"category-chaco","8":"tag-destacada"},"_links":{"self":[{"href":"https:\/\/chacosintesis.com.ar\/index.php\/wp-json\/wp\/v2\/posts\/19543","targetHints":{"allow":["GET"]}}],"collection":[{"href":"https:\/\/chacosintesis.com.ar\/index.php\/wp-json\/wp\/v2\/posts"}],"about":[{"href":"https:\/\/chacosintesis.com.ar\/index.php\/wp-json\/wp\/v2\/types\/post"}],"author":[{"embeddable":true,"href":"https:\/\/chacosintesis.com.ar\/index.php\/wp-json\/wp\/v2\/users\/1"}],"replies":[{"embeddable":true,"href":"https:\/\/chacosintesis.com.ar\/index.php\/wp-json\/wp\/v2\/comments?post=19543"}],"version-history":[{"count":0,"href":"https:\/\/chacosintesis.com.ar\/index.php\/wp-json\/wp\/v2\/posts\/19543\/revisions"}],"wp:featuredmedia":[{"embeddable":true,"href":"https:\/\/chacosintesis.com.ar\/index.php\/wp-json\/wp\/v2\/media\/19544"}],"wp:attachment":[{"href":"https:\/\/chacosintesis.com.ar\/index.php\/wp-json\/wp\/v2\/media?parent=19543"}],"wp:term":[{"taxonomy":"category","embeddable":true,"href":"https:\/\/chacosintesis.com.ar\/index.php\/wp-json\/wp\/v2\/categories?post=19543"},{"taxonomy":"post_tag","embeddable":true,"href":"https:\/\/chacosintesis.com.ar\/index.php\/wp-json\/wp\/v2\/tags?post=19543"}],"curies":[{"name":"wp","href":"https:\/\/api.w.org\/{rel}","templated":true}]}}