{"id":19529,"date":"2023-03-07T19:08:27","date_gmt":"2023-03-07T22:08:27","guid":{"rendered":"https:\/\/chacosintesis.com.ar\/?p=19529"},"modified":"2023-03-07T19:36:51","modified_gmt":"2023-03-07T22:36:51","slug":"por-unanimidad-suspendieron-a-la-jueza-de-villa-angela-laura-buyatti","status":"publish","type":"post","link":"https:\/\/chacosintesis.com.ar\/index.php\/por-unanimidad-suspendieron-a-la-jueza-de-villa-angela-laura-buyatti\/","title":{"rendered":"Por unanimidad suspendieron a la jueza de Villa \u00c1ngela Laura Buyatti"},"content":{"rendered":"<p>Hace instantes el Consejo de la Magistratura y Jurado de Enjuiciamiento resolvi\u00f3 de forma un\u00e1nime suspender provisoriamente a la jueza de Ni\u00f1ez, Adolescencia y Familia 1 de Villa \u00c1ngela Laura Buyatti, acusada de amenazar de muerte al trabajador de la construcci\u00f3n Marcelo Acosta, quien grab\u00f3 la comunicaci\u00f3n donde la magistrada asegura que le pegar\u00eda un tiro en la cabeza si segu\u00eda molestando. A partir de ahora, se avanzar\u00e1 en el proceso de destituci\u00f3n.<\/p>\n<p>La magistrada de la tercera ciudad del Chaco fue suspendida y tendr\u00e1 que someterse al jury de enjuiciamiento que surge a partir de las grav\u00edsimas amenazas al alba\u00f1il Acosta, quien grab\u00f3 la llamada telef\u00f3nica que mantuvo a finales del a\u00f1o pasado con Buyatti. En ese sentido, fueron los fiscales Sergio R\u00edos y Gisela O\u00f1uk actuar y pedir ante la jueza de Garant\u00edas Yolanda G\u00f3mez Samela que se investigue la posible comisi\u00f3n de delito. En menos de diez d\u00edaz, la magistrada gir\u00f3 el expedediente al procurador general Jorge Canteros para que formule la presentaci\u00f3n ante el Consejo de la Magistratura, tr\u00e1mite que cumpli\u00f3 tras el receso judicial.<\/p>\n<p>El suceso caus\u00f3 un simbronazo en el Poder Judicial obligando al Superior Tribunal de Justicia a excluir a la jueza de Familia de la feria ya que hab\u00eda advertido a Acosta que ella lo meter\u00eda preso &#8220;durante toda la feria&#8221; si insist\u00eda en llamarla para reclamarle el pago a su entonces pareja que hab\u00eda contratado al hombre para unos trabajos.<\/p>\n<p>Se espera que desde el organismo se emita un comunicado al respecto.<br \/>\n DIARIO NORTE.-<\/p>\n","protected":false},"excerpt":{"rendered":"<p>Hace instantes el Consejo de la Magistratura y Jurado de Enjuiciamiento resolvi\u00f3 de forma un\u00e1nime suspender provisoriamente a la jueza de Ni\u00f1ez, Adolescencia y Familia 1 de Villa \u00c1ngela Laura Buyatti, acusada de amenazar de muerte al trabajador de la construcci\u00f3n Marcelo Acosta, quien grab\u00f3 la comunicaci\u00f3n donde la magistrada asegura que le pegar\u00eda un [&hellip;]<\/p>\n","protected":false},"author":1,"featured_media":19530,"comment_status":"closed","ping_status":"closed","sticky":false,"template":"","format":"standard","meta":{"footnotes":""},"categories":[6],"tags":[197],"class_list":{"0":"post-19529","1":"post","2":"type-post","3":"status-publish","4":"format-standard","5":"has-post-thumbnail","7":"category-chaco","8":"tag-destacada"},"_links":{"self":[{"href":"https:\/\/chacosintesis.com.ar\/index.php\/wp-json\/wp\/v2\/posts\/19529","targetHints":{"allow":["GET"]}}],"collection":[{"href":"https:\/\/chacosintesis.com.ar\/index.php\/wp-json\/wp\/v2\/posts"}],"about":[{"href":"https:\/\/chacosintesis.com.ar\/index.php\/wp-json\/wp\/v2\/types\/post"}],"author":[{"embeddable":true,"href":"https:\/\/chacosintesis.com.ar\/index.php\/wp-json\/wp\/v2\/users\/1"}],"replies":[{"embeddable":true,"href":"https:\/\/chacosintesis.com.ar\/index.php\/wp-json\/wp\/v2\/comments?post=19529"}],"version-history":[{"count":0,"href":"https:\/\/chacosintesis.com.ar\/index.php\/wp-json\/wp\/v2\/posts\/19529\/revisions"}],"wp:featuredmedia":[{"embeddable":true,"href":"https:\/\/chacosintesis.com.ar\/index.php\/wp-json\/wp\/v2\/media\/19530"}],"wp:attachment":[{"href":"https:\/\/chacosintesis.com.ar\/index.php\/wp-json\/wp\/v2\/media?parent=19529"}],"wp:term":[{"taxonomy":"category","embeddable":true,"href":"https:\/\/chacosintesis.com.ar\/index.php\/wp-json\/wp\/v2\/categories?post=19529"},{"taxonomy":"post_tag","embeddable":true,"href":"https:\/\/chacosintesis.com.ar\/index.php\/wp-json\/wp\/v2\/tags?post=19529"}],"curies":[{"name":"wp","href":"https:\/\/api.w.org\/{rel}","templated":true}]}}