{"id":19500,"date":"2023-03-06T21:08:54","date_gmt":"2023-03-07T00:08:54","guid":{"rendered":"https:\/\/chacosintesis.com.ar\/?p=19500"},"modified":"2023-03-06T21:37:24","modified_gmt":"2023-03-07T00:37:24","slug":"conflicto-en-nueva-pompeya-capitanich-dijo-que-propiciara-una-comision-de-investigacion-especial-en-la-camara-de-diputados","status":"publish","type":"post","link":"https:\/\/chacosintesis.com.ar\/index.php\/conflicto-en-nueva-pompeya-capitanich-dijo-que-propiciara-una-comision-de-investigacion-especial-en-la-camara-de-diputados\/","title":{"rendered":"Conflicto en Nueva Pompeya: Capitanich dijo que \u201cpropiciar\u00e1 una comisi\u00f3n de investigaci\u00f3n especial en la C\u00e1mara de Diputados\u201d"},"content":{"rendered":"<p>El primer mandatario provincial se refiri\u00f3 a los hechos de violencia que se desataron en esa localidad tras la desaparici\u00f3n de un joven y el reclamo de una comunidad por el acceso a la justicia.<\/p>\n<p>El gobernador Jorge Capitanich habl\u00f3 esta ma\u00f1ana sobre el conflicto en Nueva Pompeya y manifest\u00f3 que propiciar\u00e1 una comisi\u00f3n de investigaci\u00f3n especial en la C\u00e1mara de Diputados de la provincia para establecer las redes que llevaron a esta situaci\u00f3n, ya que \u201chay una estrategia pol\u00edtica para establecer culpas al Estado provincial, sobre todo al Poder Ejecutivo\u201d, dijo.<br \/>\nCapitanich dijo que estos delitos de sedici\u00f3n est\u00e1n tipificados en el C\u00f3digo Penal, en sus art\u00edculos 229 y 230 y que se trat\u00f3 de un \u201cproceso de insurrecci\u00f3n contra la constituci\u00f3n y las leyes y a su pleno ejercicio al querer imponer justicia por mano propia\u201d. El gobernador expres\u00f3 que esto no es posible y \u201cmucho menos el da\u00f1o a instituciones p\u00fablicas y eventualmente a instituciones privadas\u201d. De esta manera el primer mandatario provincial enfatiz\u00f3 en la importancia de que se realice una investigaci\u00f3n exhaustiva e indic\u00f3  que el sistema de b\u00fasqueda de personas en Chaco tiene registrados en los \u00faltimos 20 meses 1792 b\u00fasquedas y que solamente ha habido tres casos con dificultades. \u201cLo que entendemos es que el sistema de b\u00fasqueda funciona, se resuelven muy bien los casos, pero ac\u00e1 hay una protesta de car\u00e1cter social por la denegaci\u00f3n del acceso a la justicia\u201d, se\u00f1al\u00f3.<br \/>\nEl gobernador manifest\u00f3 que desde el Estado provincial se propicia un sistema judicial que funcione con fiscales y jueces competentes para resolver las causas, y que desde su punto de vista \u201chay una estrategia pol\u00edtica para establecer culpas al Estado provincial, sobre todo al poder ejecutivo\u201d.<br \/>\nEn este sentido record\u00f3 que la Polic\u00eda del Chaco es un auxiliar de la Justicia y que cuando ocurrieron los hechos actuaron y como consecuencia \u201chay 12 personas que forman parte de la Polic\u00eda que han sido heridas\u201d.<br \/>\nCapitanich dijo que la provincia ser\u00e1 querellante particular como Estado, \u201ccon el objetivo de investigar las acciones y el perjuicio hacia los polic\u00edas\u201d.<br \/>\nEn sus declaraciones tras un acto de entrega de t\u00edtulos de propiedad en Castelli, el gobernador expres\u00f3 que \u201ces necesario custodiar desde el patrimonio p\u00fablico\u201d y que desde el Gobierno entienden que \u201chubo una clara manifestaci\u00f3n de la comunidad en reclamo por la denegaci\u00f3n del acceso a la justicia, y es necesario entender que en muchos casos se motoriza el conflicto por intereses pol\u00edticos para hacer parecer como culpable al Poder Ejecutivo\u201d.<br \/>\nCapitanich adelant\u00f3 que este lunes a las 19 se reunir\u00e1 con el intendente de Nueva Pompeya y con su par de El Sauzalito e inform\u00f3 que se pudo \u201creforzar la seguridad p\u00fablica\u201d y que la provincia intervendr\u00e1 \u201ccon mayor \u00e9nfasis para una estrategia de abordaje multidimensional\u201d.<\/p>\n","protected":false},"excerpt":{"rendered":"<p>El primer mandatario provincial se refiri\u00f3 a los hechos de violencia que se desataron en esa localidad tras la desaparici\u00f3n de un joven y el reclamo de una comunidad por el acceso a la justicia. El gobernador Jorge Capitanich habl\u00f3 esta ma\u00f1ana sobre el conflicto en Nueva Pompeya y manifest\u00f3 que propiciar\u00e1 una comisi\u00f3n de [&hellip;]<\/p>\n","protected":false},"author":1,"featured_media":19501,"comment_status":"closed","ping_status":"closed","sticky":false,"template":"","format":"standard","meta":{"footnotes":""},"categories":[6],"tags":[],"class_list":{"0":"post-19500","1":"post","2":"type-post","3":"status-publish","4":"format-standard","5":"has-post-thumbnail","7":"category-chaco"},"_links":{"self":[{"href":"https:\/\/chacosintesis.com.ar\/index.php\/wp-json\/wp\/v2\/posts\/19500","targetHints":{"allow":["GET"]}}],"collection":[{"href":"https:\/\/chacosintesis.com.ar\/index.php\/wp-json\/wp\/v2\/posts"}],"about":[{"href":"https:\/\/chacosintesis.com.ar\/index.php\/wp-json\/wp\/v2\/types\/post"}],"author":[{"embeddable":true,"href":"https:\/\/chacosintesis.com.ar\/index.php\/wp-json\/wp\/v2\/users\/1"}],"replies":[{"embeddable":true,"href":"https:\/\/chacosintesis.com.ar\/index.php\/wp-json\/wp\/v2\/comments?post=19500"}],"version-history":[{"count":0,"href":"https:\/\/chacosintesis.com.ar\/index.php\/wp-json\/wp\/v2\/posts\/19500\/revisions"}],"wp:featuredmedia":[{"embeddable":true,"href":"https:\/\/chacosintesis.com.ar\/index.php\/wp-json\/wp\/v2\/media\/19501"}],"wp:attachment":[{"href":"https:\/\/chacosintesis.com.ar\/index.php\/wp-json\/wp\/v2\/media?parent=19500"}],"wp:term":[{"taxonomy":"category","embeddable":true,"href":"https:\/\/chacosintesis.com.ar\/index.php\/wp-json\/wp\/v2\/categories?post=19500"},{"taxonomy":"post_tag","embeddable":true,"href":"https:\/\/chacosintesis.com.ar\/index.php\/wp-json\/wp\/v2\/tags?post=19500"}],"curies":[{"name":"wp","href":"https:\/\/api.w.org\/{rel}","templated":true}]}}