{"id":19494,"date":"2023-03-06T14:32:31","date_gmt":"2023-03-06T17:32:31","guid":{"rendered":"https:\/\/chacosintesis.com.ar\/?p=19494"},"modified":"2023-03-06T14:37:25","modified_gmt":"2023-03-06T17:37:25","slug":"capitanich-inauguro-el-nuevo-edificio-de-la-escuela-de-educacion-primaria-no-532-en-avia-terai","status":"publish","type":"post","link":"https:\/\/chacosintesis.com.ar\/index.php\/capitanich-inauguro-el-nuevo-edificio-de-la-escuela-de-educacion-primaria-no-532-en-avia-terai\/","title":{"rendered":"Capitanich inaugur\u00f3 el nuevo edificio de la Escuela de Educaci\u00f3n Primaria N\u00ba 532 en Avia Terai"},"content":{"rendered":"<p>Con la inauguraci\u00f3n de la  Escuela N\u00b0532 el gobierno provincial sigue avanzando en garantizar el derecho a una educaci\u00f3n de calidad para todas y todos los estudiantes a lo largo de nuestra provincia. \u201cLa educaci\u00f3n transforma la calidad de vida de nuestras comunidades\u201d, dijo el gobernador.<\/p>\n<p>El gobernador Jorge Capitanich inaugur\u00f3 este lunes el nuevo edificio de la Escuela de Educaci\u00f3n Primaria N\u00ba 532 \u201cMaestra Elena Bul\u00e1n de P\u00e9rez\u201d en Avia Terai. \u201cLa educaci\u00f3n transforma la calidad de vida de nuestras comunidades\u201d, dijo el gobernador al dejar inaugurado el nuevo edificio educativo.<br \/>\nEn el marco del inicio del ciclo lectivo 2023 el gobernador Capitanich destac\u00f3 la importancia de construir d\u00eda a d\u00eda una educaci\u00f3n p\u00fablica, popular, gratuita, obligatoria, inclusiva y equitativa.  \u201cSabemos muy bien que la educaci\u00f3n es la base para la movilidad social ascendente. Porque quien accede a una mejor educaci\u00f3n puede lograr empleos de calidad, mayores salarios y mayor bienestar\u201d, remarc\u00f3.<br \/>\nCapitanich resalt\u00f3 el gran esfuerzo por parte del Estado para ejecutar pol\u00edticas  educativas de inclusi\u00f3n que permitan garantizar una s\u00f3lida formaci\u00f3n y contar con programas espec\u00edficos para terminar con el analfabetismo, que ni\u00f1os y ni\u00f1as puedan concluir la escuela primaria. A su vez coment\u00f3 que la provincia va a contar con 48 Centros de Desarrollo Infantil, para que cerca de 12.000 ni\u00f1os y ni\u00f1as a lo largo y a lo ancho de la provincia desde 45 d\u00edas a 4 a\u00f1os tengan estimulaci\u00f3n temprana, asistencia alimentaria y nutricional y fortalecimiento del desarrollo psicomotriz.<\/p>\n<p>El gobernador asegur\u00f3 que el objetivo es seguir fortaleciendo pol\u00edticas que apunten a que los ni\u00f1os, ni\u00f1as y j\u00f3venes puedan estudiar en aulas limpias y comodas, tener \u00fatiles escolares, libros y alimentaci\u00f3n saludable, adem\u00e1s de contar con una trayectoria pedag\u00f3gica de calidad. Adem\u00e1s de universalizar las salas de cuatro y cinco, garantizar la continuidad de trayectorias con educaci\u00f3n primaria, secundaria, terciaria, universitaria y la formaci\u00f3n t\u00e9cnica y profesional.<br \/>\nAcompa\u00f1aron al gobernador de la inauguraci\u00f3n del nuevo edificio de EEP 532, el ministro de Educaci\u00f3n, Cultura, Ciencia y Tecnolog\u00eda, Aldo Lineras; el ministro de Econom\u00eda, Santiago Peres Pons; el intendente de Avia Terai, Rene Pallares y autoridades y comunidad educativa.<br \/>\n Conectividad digital y equipamiento<\/p>\n<p>El gobernador se\u00f1al\u00f3 que el desaf\u00edo actual es la conectividad y otorgar una plataforma digital para que los ni\u00f1os, ni\u00f1as y j\u00f3venes puedan acceder a las computadoras y acceso a internet.<br \/>\n\u201cEstamos llegando a 200.000 computadoras entregadas durante nuestros tres mandatos y se espera llegar a 300.000, con m\u00e1s conectividad en cada escuela de los 70 municipios, con 3000 kil\u00f3metros de red de fibra \u00f3ptica extendida\u201d, dijo.<br \/>\nAdem\u00e1s  se entra material did\u00e1ctico, con  300.000 libros de matem\u00e1tica y lengua,  150.000 libros m\u00e1s de literatura. \u201cHemos entregado unos 10 millones de libros en tres mandatos constitucionales y m\u00e1s de 100.000 muebles porque vamos a seguir equipando estas aulas \u201c, dijo.<br \/>\n Capitanich resalt\u00f3 en su discurso; \u201cNadie se salva solo. Solamente seremos capaces de transformar el mundo en tanto y en cuanto transformemos nuestras conductas individuales \u201c<br \/>\nY agreg\u00f3 : \u201c Paulo Freire dec\u00eda que  la educaci\u00f3n no cambia el mundo, cambia a las personas que van a cambiar el mundo.  Con la educaci\u00f3n construimos no solamente conocimiento sino valores y con los conocimientos y los valores seremos capaces de cambiar de ra\u00edz los cimientos de nuestra patria, para tener futuro, para tener progreso.\u201d<br \/>\n La obra<\/p>\n<p>El nuevo establecimiento educativo demand\u00f3 una inversi\u00f3n de 319 millones de pesos -a trav\u00e9s del programa nacional 37 del Ministerio de Educaci\u00f3n, Cultura, Ciencia y Tecnolog\u00eda- que beneficiar\u00e1 a m\u00e1s de 550 estudiantes y 32 trabajadores de la educaci\u00f3n que cumplen sus funciones en la EEP 53. El edificio cuenta con catorce aulas agrupadas en bloques, un patio principal de formaci\u00f3n, S.U.M con apoyatura y dos S.U.M sectoriales. Tambi\u00e9n cuenta con un acceso principal  donde se ubica el sector de gobierno y la biblioteca con su espacio multimedia.<\/p>\n","protected":false},"excerpt":{"rendered":"<p>Con la inauguraci\u00f3n de la Escuela N\u00b0532 el gobierno provincial sigue avanzando en garantizar el derecho a una educaci\u00f3n de calidad para todas y todos los estudiantes a lo largo de nuestra provincia. \u201cLa educaci\u00f3n transforma la calidad de vida de nuestras comunidades\u201d, dijo el gobernador. El gobernador Jorge Capitanich inaugur\u00f3 este lunes el nuevo [&hellip;]<\/p>\n","protected":false},"author":1,"featured_media":19495,"comment_status":"closed","ping_status":"closed","sticky":false,"template":"","format":"standard","meta":{"footnotes":""},"categories":[6],"tags":[],"class_list":{"0":"post-19494","1":"post","2":"type-post","3":"status-publish","4":"format-standard","5":"has-post-thumbnail","7":"category-chaco"},"_links":{"self":[{"href":"https:\/\/chacosintesis.com.ar\/index.php\/wp-json\/wp\/v2\/posts\/19494","targetHints":{"allow":["GET"]}}],"collection":[{"href":"https:\/\/chacosintesis.com.ar\/index.php\/wp-json\/wp\/v2\/posts"}],"about":[{"href":"https:\/\/chacosintesis.com.ar\/index.php\/wp-json\/wp\/v2\/types\/post"}],"author":[{"embeddable":true,"href":"https:\/\/chacosintesis.com.ar\/index.php\/wp-json\/wp\/v2\/users\/1"}],"replies":[{"embeddable":true,"href":"https:\/\/chacosintesis.com.ar\/index.php\/wp-json\/wp\/v2\/comments?post=19494"}],"version-history":[{"count":0,"href":"https:\/\/chacosintesis.com.ar\/index.php\/wp-json\/wp\/v2\/posts\/19494\/revisions"}],"wp:featuredmedia":[{"embeddable":true,"href":"https:\/\/chacosintesis.com.ar\/index.php\/wp-json\/wp\/v2\/media\/19495"}],"wp:attachment":[{"href":"https:\/\/chacosintesis.com.ar\/index.php\/wp-json\/wp\/v2\/media?parent=19494"}],"wp:term":[{"taxonomy":"category","embeddable":true,"href":"https:\/\/chacosintesis.com.ar\/index.php\/wp-json\/wp\/v2\/categories?post=19494"},{"taxonomy":"post_tag","embeddable":true,"href":"https:\/\/chacosintesis.com.ar\/index.php\/wp-json\/wp\/v2\/tags?post=19494"}],"curies":[{"name":"wp","href":"https:\/\/api.w.org\/{rel}","templated":true}]}}