{"id":19490,"date":"2023-03-06T11:03:27","date_gmt":"2023-03-06T14:03:27","guid":{"rendered":"https:\/\/chacosintesis.com.ar\/?p=19490"},"modified":"2023-03-06T11:06:55","modified_gmt":"2023-03-06T14:06:55","slug":"peche-solicita-la-apertura-de-una-delegacion-de-la-direccion-de-veteranos-y-ex-combatientes-de-malvinas-en-saenz-penapeche-solicita","status":"publish","type":"post","link":"https:\/\/chacosintesis.com.ar\/index.php\/peche-solicita-la-apertura-de-una-delegacion-de-la-direccion-de-veteranos-y-ex-combatientes-de-malvinas-en-saenz-penapeche-solicita\/","title":{"rendered":"Peche solicita la apertura de una delegaci\u00f3n de la Direcci\u00f3n de Veteranos y ex Combatientes de Malvinas en S\u00e1enz Pe\u00f1aPeche solicita"},"content":{"rendered":"<p>El dos veces intendente de Presidencia Roque S\u00e1enz Pe\u00f1a y actual presidente del interbloque de diputados de la UCR, Carim Peche, se reuni\u00f3 con Omar Torres de la agrupaci\u00f3n de ex combatientes \u201cSoldado Juan Quintana\u201d y  referentes de otros centros de la provincia con quienes analiz\u00f3 las demandas del sector.<\/p>\n<p>Peche destac\u00f3 la lucha por las reivindicaciones que a\u00fan faltan  \u201cSer\u00eda muy importante que el gobierno provincial a trav\u00e9s del Ministerio de Gobierno y Trabajo disponga la apertura de una delegaci\u00f3n de la Direcci\u00f3n de Veteranos de Guerra y Ex Combatientes de Malvinas en la ciudad de Presidencia Roque S\u00e1enz Pe\u00f1a a fin de facilitar la gesti\u00f3n de tr\u00e1mites sin tener que viajar a Resistencia, he presentado un proyecto elevando esa inquietud que espero tenga pronto tratamiento, todos sabemos que si bien gozan de un reconocimiento econ\u00f3mico para la gran mayor\u00eda el hecho de tener que trasladarse representa un gasto importante, incluso hay quienes no disponen de los recursos necesarios\u201d<\/p>\n<p>En ese contexto los ex combatientes informaron al legislador respecto de las gestiones que est\u00e1n llevando adelante en materia salarial \u201cLes he manifestado que como lo venimos haciendo desde siempre, nuestro bloque va a acompa\u00f1ar todo lo que tenga que ver con reivindicaciones para nuestros h\u00e9roes de  Malvinas, el a\u00f1o pasado recordamos los 40 a\u00f1os del conflicto b\u00e9lico y el mejor homenaje que podemos hacerles es honrarlos con iniciativas que mejoren su calidad de vida y la de sus familias\u201d.<\/p>\n","protected":false},"excerpt":{"rendered":"<p>El dos veces intendente de Presidencia Roque S\u00e1enz Pe\u00f1a y actual presidente del interbloque de diputados de la UCR, Carim Peche, se reuni\u00f3 con Omar Torres de la agrupaci\u00f3n de ex combatientes \u201cSoldado Juan Quintana\u201d y referentes de otros centros de la provincia con quienes analiz\u00f3 las demandas del sector. Peche destac\u00f3 la lucha por [&hellip;]<\/p>\n","protected":false},"author":1,"featured_media":19491,"comment_status":"closed","ping_status":"closed","sticky":false,"template":"","format":"standard","meta":{"footnotes":""},"categories":[6],"tags":[],"class_list":{"0":"post-19490","1":"post","2":"type-post","3":"status-publish","4":"format-standard","5":"has-post-thumbnail","7":"category-chaco"},"_links":{"self":[{"href":"https:\/\/chacosintesis.com.ar\/index.php\/wp-json\/wp\/v2\/posts\/19490","targetHints":{"allow":["GET"]}}],"collection":[{"href":"https:\/\/chacosintesis.com.ar\/index.php\/wp-json\/wp\/v2\/posts"}],"about":[{"href":"https:\/\/chacosintesis.com.ar\/index.php\/wp-json\/wp\/v2\/types\/post"}],"author":[{"embeddable":true,"href":"https:\/\/chacosintesis.com.ar\/index.php\/wp-json\/wp\/v2\/users\/1"}],"replies":[{"embeddable":true,"href":"https:\/\/chacosintesis.com.ar\/index.php\/wp-json\/wp\/v2\/comments?post=19490"}],"version-history":[{"count":0,"href":"https:\/\/chacosintesis.com.ar\/index.php\/wp-json\/wp\/v2\/posts\/19490\/revisions"}],"wp:featuredmedia":[{"embeddable":true,"href":"https:\/\/chacosintesis.com.ar\/index.php\/wp-json\/wp\/v2\/media\/19491"}],"wp:attachment":[{"href":"https:\/\/chacosintesis.com.ar\/index.php\/wp-json\/wp\/v2\/media?parent=19490"}],"wp:term":[{"taxonomy":"category","embeddable":true,"href":"https:\/\/chacosintesis.com.ar\/index.php\/wp-json\/wp\/v2\/categories?post=19490"},{"taxonomy":"post_tag","embeddable":true,"href":"https:\/\/chacosintesis.com.ar\/index.php\/wp-json\/wp\/v2\/tags?post=19490"}],"curies":[{"name":"wp","href":"https:\/\/api.w.org\/{rel}","templated":true}]}}