{"id":19488,"date":"2023-03-06T11:00:22","date_gmt":"2023-03-06T14:00:22","guid":{"rendered":"https:\/\/chacosintesis.com.ar\/?p=19488"},"modified":"2023-03-06T11:06:55","modified_gmt":"2023-03-06T14:06:55","slug":"pidieron-5-anos-y-medio-de-prision-para-horacio-rey-por-estar-acusado-de-ser-jefe-de-una-asociacion-ilicita","status":"publish","type":"post","link":"https:\/\/chacosintesis.com.ar\/index.php\/pidieron-5-anos-y-medio-de-prision-para-horacio-rey-por-estar-acusado-de-ser-jefe-de-una-asociacion-ilicita\/","title":{"rendered":"Pidieron 5 a\u00f1os y medio de prisi\u00f3n para Horacio Rey por estar acusado de ser jefe de una asociaci\u00f3n il\u00edcita"},"content":{"rendered":"<p>El pasado lunes comenz\u00f3 un nuevo juicio en la C\u00e1mara Tercera en lo Criminal y Correccional de Resistencia y el mismo se da contra el exsecretario general de Gobierno, Horacio Rey y el excoordinador de Fideicomiso de Administraci\u00f3n de Pauta Publicitaria Oficial (FAPPO) Gustavo Katavich.<br \/>\nDe esta manera se dio a conocer que la C\u00e1mara Tercera en lo Criminal y Correccional de Resistencia pidi\u00f3 cinco a\u00f1os y medio para Rey quien est\u00e1 sindicado de ser jefe de una asociaci\u00f3n il\u00edcita y para Gustavo Katavich.<br \/>\nPodemos recordar que el pasado 12 de marzo del 2021, Rey hab\u00eda sido condenado en la causa FAPPO a 7 a\u00f1os de prisi\u00f3n, mientras que Gustavo Katavich fue condenado a 5 a\u00f1os. En la misma se investigaban hechos de violaci\u00f3n de los deberes de funcionario p\u00fablico, asociaci\u00f3n il\u00edcita y malversaci\u00f3n de caudales p\u00fablicos.<br \/>\nRey, adem\u00e1s, hab\u00eda sido inhabilitado para ser funcionario p\u00fablico por 10 a\u00f1os ya que la Justicia lo se\u00f1al\u00f3 como coautor penalmente responsable por el delito de asociaci\u00f3n il\u00edcita en calidad de jefe, con defraudaci\u00f3n agravada por haberse cometido en defraudaci\u00f3n de la administraci\u00f3n p\u00fablica durante la gesti\u00f3n de Peppo cuando se desempe\u00f1aba como secretario general de Gobierno y Coordinaci\u00f3n del Chaco.<br \/>\nCabe destacar que la causa FAPPO investig\u00f3 a una asociaci\u00f3n il\u00edcita que defraud\u00f3 a la administraci\u00f3n p\u00fablica mediante el desv\u00edo de m\u00e1s de $60 millones correspondientes al Fideicomiso de Administraci\u00f3n de Pauta Publicitaria Oficial.<\/p>\n","protected":false},"excerpt":{"rendered":"<p>El pasado lunes comenz\u00f3 un nuevo juicio en la C\u00e1mara Tercera en lo Criminal y Correccional de Resistencia y el mismo se da contra el exsecretario general de Gobierno, Horacio Rey y el excoordinador de Fideicomiso de Administraci\u00f3n de Pauta Publicitaria Oficial (FAPPO) Gustavo Katavich. De esta manera se dio a conocer que la C\u00e1mara [&hellip;]<\/p>\n","protected":false},"author":1,"featured_media":19489,"comment_status":"closed","ping_status":"closed","sticky":false,"template":"","format":"standard","meta":{"footnotes":""},"categories":[6],"tags":[],"class_list":{"0":"post-19488","1":"post","2":"type-post","3":"status-publish","4":"format-standard","5":"has-post-thumbnail","7":"category-chaco"},"_links":{"self":[{"href":"https:\/\/chacosintesis.com.ar\/index.php\/wp-json\/wp\/v2\/posts\/19488","targetHints":{"allow":["GET"]}}],"collection":[{"href":"https:\/\/chacosintesis.com.ar\/index.php\/wp-json\/wp\/v2\/posts"}],"about":[{"href":"https:\/\/chacosintesis.com.ar\/index.php\/wp-json\/wp\/v2\/types\/post"}],"author":[{"embeddable":true,"href":"https:\/\/chacosintesis.com.ar\/index.php\/wp-json\/wp\/v2\/users\/1"}],"replies":[{"embeddable":true,"href":"https:\/\/chacosintesis.com.ar\/index.php\/wp-json\/wp\/v2\/comments?post=19488"}],"version-history":[{"count":0,"href":"https:\/\/chacosintesis.com.ar\/index.php\/wp-json\/wp\/v2\/posts\/19488\/revisions"}],"wp:featuredmedia":[{"embeddable":true,"href":"https:\/\/chacosintesis.com.ar\/index.php\/wp-json\/wp\/v2\/media\/19489"}],"wp:attachment":[{"href":"https:\/\/chacosintesis.com.ar\/index.php\/wp-json\/wp\/v2\/media?parent=19488"}],"wp:term":[{"taxonomy":"category","embeddable":true,"href":"https:\/\/chacosintesis.com.ar\/index.php\/wp-json\/wp\/v2\/categories?post=19488"},{"taxonomy":"post_tag","embeddable":true,"href":"https:\/\/chacosintesis.com.ar\/index.php\/wp-json\/wp\/v2\/tags?post=19488"}],"curies":[{"name":"wp","href":"https:\/\/api.w.org\/{rel}","templated":true}]}}