{"id":19484,"date":"2023-03-06T10:24:07","date_gmt":"2023-03-06T13:24:07","guid":{"rendered":"https:\/\/chacosintesis.com.ar\/?p=19484"},"modified":"2023-03-06T10:38:17","modified_gmt":"2023-03-06T13:38:17","slug":"ucr-el-responsable-de-la-violencia-en-mision-nueva-pompeya-es-el-gobernador-capitanich","status":"publish","type":"post","link":"https:\/\/chacosintesis.com.ar\/index.php\/ucr-el-responsable-de-la-violencia-en-mision-nueva-pompeya-es-el-gobernador-capitanich\/","title":{"rendered":"UCR: &#8220;El responsable de la violencia en Misi\u00f3n Nueva Pompeya es el Gobernador Capitanich&#8221;"},"content":{"rendered":"<p>En un comunicado de prensa, suscripto por el presidente y la vicepresidente del comit\u00e9 provincial, el presidente de la honorable convenci\u00f3n, autoridades de juventud radical, senador nacional, diputados provinciales y nacionales, intendentes, el foro de concejales y presidentes de comit\u00e9s de circuito de diferentes ciudades, la UCR del Chaco se expres\u00f3 en relaci\u00f3n al conflicto social que vive la localidad de  Misi\u00f3n Nueva Pompeya.<br \/>\n\u201cHace varios d\u00edas que nuestro partido, desde sus diferentes \u00f3rganos, advirti\u00f3 de la situaci\u00f3n de caos en Misi\u00f3n Nueva Pompeya. Lo que comenz\u00f3 como una protesta m\u00e1s se intensific\u00f3 a ra\u00edz de la falta de cumplimiento de compromisos asumidos por la ministra de Seguridad y el gobernador Capitanich, y devino en graves hechos de violencia que no solamente sitiaron al pueblo y aislaron en sus casas a los habitantes sino que pusieron en peligro tanto la vida institucional y democr\u00e1tica de la localidad como as\u00ed tambi\u00e9n la integridad f\u00edsica de los pobladores y sus bienes\u201d.<br \/>\n\u201cLa Constituci\u00f3n Provincial es clara: el deber de velar por el bienestar social, garantizar la paz, y el poder de polic\u00eda recaen en esta instancia sobre un gobernador que se mostr\u00f3 casi desentendido del tema, cumpliendo con meras formalidades sin accionar concretamente. Esta inacci\u00f3n se transform\u00f3 en acci\u00f3n tard\u00eda, y desde la absoluta irresponsabilidad enviaron a efectivos policiales a arriesgar sus vidas sin las m\u00ednimas garant\u00edas de v\u00edveres y los elementos necesarios para un operativo eficaz, debiendo enfrentar a grupos que los superaban ampliamente en cantidad con la sola esperanza de resguardarse en la solidaridad de los chaque\u00f1os que hicieron su aporte para que pudieran trasladarse hacia el lugar de los hechos\u201d.<br \/>\n\u201cA 40 a\u00f1os de la vuelta de la democracia no podemos darnos el lujo de hacer peligrar la institucionalidad de nuestro norte impenetrable. Esto es producto de la ineptitud de quienes nos gobiernan. Asimismo, nos solidarizamos con el intendente Vicente Gonz\u00e1lez, sus funcionarios y todos aquellos servidores p\u00fablicos que se encuentran lidiando como pueden con la situaci\u00f3n en pos de proteger a los ciudadanos. Exigimos al gobierno provincial que intensifique el di\u00e1logo y los mecanismos de justicia para desactivar inmediatamente estos focos violentos, evitando as\u00ed su reproducci\u00f3n en localidades aleda\u00f1as y garantizando el orden y la paz social. Hace 40 a\u00f1os los argentinos le dijimos \u201cNunca M\u00e1s\u201d a la violencia\u201d.<\/p>\n","protected":false},"excerpt":{"rendered":"<p>En un comunicado de prensa, suscripto por el presidente y la vicepresidente del comit\u00e9 provincial, el presidente de la honorable convenci\u00f3n, autoridades de juventud radical, senador nacional, diputados provinciales y nacionales, intendentes, el foro de concejales y presidentes de comit\u00e9s de circuito de diferentes ciudades, la UCR del Chaco se expres\u00f3 en relaci\u00f3n al conflicto [&hellip;]<\/p>\n","protected":false},"author":1,"featured_media":19485,"comment_status":"closed","ping_status":"closed","sticky":false,"template":"","format":"standard","meta":{"footnotes":""},"categories":[6],"tags":[],"class_list":{"0":"post-19484","1":"post","2":"type-post","3":"status-publish","4":"format-standard","5":"has-post-thumbnail","7":"category-chaco"},"_links":{"self":[{"href":"https:\/\/chacosintesis.com.ar\/index.php\/wp-json\/wp\/v2\/posts\/19484","targetHints":{"allow":["GET"]}}],"collection":[{"href":"https:\/\/chacosintesis.com.ar\/index.php\/wp-json\/wp\/v2\/posts"}],"about":[{"href":"https:\/\/chacosintesis.com.ar\/index.php\/wp-json\/wp\/v2\/types\/post"}],"author":[{"embeddable":true,"href":"https:\/\/chacosintesis.com.ar\/index.php\/wp-json\/wp\/v2\/users\/1"}],"replies":[{"embeddable":true,"href":"https:\/\/chacosintesis.com.ar\/index.php\/wp-json\/wp\/v2\/comments?post=19484"}],"version-history":[{"count":0,"href":"https:\/\/chacosintesis.com.ar\/index.php\/wp-json\/wp\/v2\/posts\/19484\/revisions"}],"wp:featuredmedia":[{"embeddable":true,"href":"https:\/\/chacosintesis.com.ar\/index.php\/wp-json\/wp\/v2\/media\/19485"}],"wp:attachment":[{"href":"https:\/\/chacosintesis.com.ar\/index.php\/wp-json\/wp\/v2\/media?parent=19484"}],"wp:term":[{"taxonomy":"category","embeddable":true,"href":"https:\/\/chacosintesis.com.ar\/index.php\/wp-json\/wp\/v2\/categories?post=19484"},{"taxonomy":"post_tag","embeddable":true,"href":"https:\/\/chacosintesis.com.ar\/index.php\/wp-json\/wp\/v2\/tags?post=19484"}],"curies":[{"name":"wp","href":"https:\/\/api.w.org\/{rel}","templated":true}]}}