{"id":19473,"date":"2023-03-05T21:34:06","date_gmt":"2023-03-06T00:34:06","guid":{"rendered":"https:\/\/chacosintesis.com.ar\/?p=19473"},"modified":"2023-03-05T21:45:52","modified_gmt":"2023-03-06T00:45:52","slug":"fuertes-imagenes-del-enfrentamiento-entre-la-policia-y-manifestantes-en-mision-nueva-pompeya","status":"publish","type":"post","link":"https:\/\/chacosintesis.com.ar\/index.php\/fuertes-imagenes-del-enfrentamiento-entre-la-policia-y-manifestantes-en-mision-nueva-pompeya\/","title":{"rendered":"Fuertes im\u00e1genes del enfrentamiento entre la polic\u00eda y manifestantes en Misi\u00f3n Nueva Pompeya"},"content":{"rendered":"\n<figure class=\"wp-block-embed is-type-video is-provider-youtube wp-block-embed-youtube wp-embed-aspect-16-9 wp-has-aspect-ratio\"><div class=\"wp-block-embed__wrapper\">\n<iframe loading=\"lazy\" title=\"Enfrentamientos en Misi\u00f3n Nueva Pompeya entre Pol,ic\u00eda y manifestantes\" width=\"1170\" height=\"658\" src=\"https:\/\/www.youtube.com\/embed\/r73JEZQ3MFc?feature=oembed\" frameborder=\"0\" allow=\"accelerometer; autoplay; clipboard-write; encrypted-media; gyroscope; picture-in-picture; web-share\" allowfullscreen><\/iframe>\n<\/div><figcaption class=\"wp-element-caption\">impactantes magenes<\/figcaption><\/figure>\n\n\n<p>Este domingo, se vivi\u00f3 una situaci\u00f3n de violencia en la sede de la Comisar\u00eda y del Juzgado de la localidad que est\u00e1 siendo controlada por los agentes.<\/p>\n<p>Hasta el momento, hay 18 personas detenidas por herir a otras y ocasionar da\u00f1os en edificios p\u00fablicos. Por la tarde, llegar\u00e1n a la localidad diez comandos del Cuerpo de Operaciones Especiales (COE) de la Polic\u00eda del Chaco.<\/p>\n<p>A partir de los hechos de violencia del s\u00e1bado 4 de marzo, el Ejecutivo provincial solicit\u00f3 la presencia de fuerzas federales, para que conjuntamente con la Polic\u00eda del Chaco intervengan en el conflicto generado con el objetivo de resguardar la integridad f\u00edsica de la comunidad.<\/p>","protected":false},"excerpt":{"rendered":"<p>Este domingo, se vivi\u00f3 una situaci\u00f3n de violencia en la sede de la Comisar\u00eda y del Juzgado de la localidad que est\u00e1 siendo controlada por los agentes. Hasta el momento, hay 18 personas detenidas por herir a otras y ocasionar da\u00f1os en edificios p\u00fablicos. Por la tarde, llegar\u00e1n a la localidad diez comandos del Cuerpo [&hellip;]<\/p>\n","protected":false},"author":1,"featured_media":19474,"comment_status":"closed","ping_status":"closed","sticky":false,"template":"","format":"standard","meta":{"footnotes":""},"categories":[6],"tags":[197],"class_list":{"0":"post-19473","1":"post","2":"type-post","3":"status-publish","4":"format-standard","5":"has-post-thumbnail","7":"category-chaco","8":"tag-destacada"},"_links":{"self":[{"href":"https:\/\/chacosintesis.com.ar\/index.php\/wp-json\/wp\/v2\/posts\/19473","targetHints":{"allow":["GET"]}}],"collection":[{"href":"https:\/\/chacosintesis.com.ar\/index.php\/wp-json\/wp\/v2\/posts"}],"about":[{"href":"https:\/\/chacosintesis.com.ar\/index.php\/wp-json\/wp\/v2\/types\/post"}],"author":[{"embeddable":true,"href":"https:\/\/chacosintesis.com.ar\/index.php\/wp-json\/wp\/v2\/users\/1"}],"replies":[{"embeddable":true,"href":"https:\/\/chacosintesis.com.ar\/index.php\/wp-json\/wp\/v2\/comments?post=19473"}],"version-history":[{"count":0,"href":"https:\/\/chacosintesis.com.ar\/index.php\/wp-json\/wp\/v2\/posts\/19473\/revisions"}],"wp:featuredmedia":[{"embeddable":true,"href":"https:\/\/chacosintesis.com.ar\/index.php\/wp-json\/wp\/v2\/media\/19474"}],"wp:attachment":[{"href":"https:\/\/chacosintesis.com.ar\/index.php\/wp-json\/wp\/v2\/media?parent=19473"}],"wp:term":[{"taxonomy":"category","embeddable":true,"href":"https:\/\/chacosintesis.com.ar\/index.php\/wp-json\/wp\/v2\/categories?post=19473"},{"taxonomy":"post_tag","embeddable":true,"href":"https:\/\/chacosintesis.com.ar\/index.php\/wp-json\/wp\/v2\/tags?post=19473"}],"curies":[{"name":"wp","href":"https:\/\/api.w.org\/{rel}","templated":true}]}}