{"id":19471,"date":"2023-03-05T17:58:47","date_gmt":"2023-03-05T20:58:47","guid":{"rendered":"https:\/\/chacosintesis.com.ar\/?p=19471"},"modified":"2023-03-05T18:06:49","modified_gmt":"2023-03-05T21:06:49","slug":"una-comitiva-del-gobierno-viaja-a-mision-nueva-pompeya-para-garantizar-la-paz-social","status":"publish","type":"post","link":"https:\/\/chacosintesis.com.ar\/index.php\/una-comitiva-del-gobierno-viaja-a-mision-nueva-pompeya-para-garantizar-la-paz-social\/","title":{"rendered":"Una comitiva del Gobierno viaja a Misi\u00f3n Nueva Pompeya para garantizar la paz social"},"content":{"rendered":"<p>La ministra de Seguridad, Gloria Zalazar; el jefe de la Polic\u00eda, Ariel Acu\u00f1a; la secretaria de Derechos Humanos, Silvana P\u00e9rez; y el defensor del Pueblo, Bernardo Voloj; entre otros, atender\u00e1n personalmente la situaci\u00f3n. El objetivo es buscar un camino de di\u00e1logo que permita \u201cel cese de la violencia\u201d en la localidad.<\/p>\n<p>Frente a los disturbios ocasionados en Misi\u00f3n Nueva Pompeya, la ministra de Seguridad y Justicia, Gloria Zalazar, jefe de la Polic\u00eda del Chaco, Ariel Acu\u00f1a, la secretaria de Derechos Humanos y G\u00e9neros, Silvana Perez, Fabian R\u00edos, director de Zona Interior, Bernardo Voloj, Defensor del Pueblo, Cristian Veron, director del CEAC y el subsecretario de Planificaci\u00f3n en Seguridad, Leandro \u00c1lvarez, viajaron a la localidad para atender personalmente la situaci\u00f3n y buscar un camino de di\u00e1logo que permita el cese de la violencia.<br \/>\nDesde el mediod\u00eda del domingo, un grupo de personas atac\u00f3 sedes de edificios p\u00fablicos, violando el C\u00f3digo Penal, provocando disturbios, da\u00f1os y dejando a 12 polic\u00edas heridos, a pesar de tener a disposici\u00f3n todas las v\u00edas institucionales y judiciales para entablar el di\u00e1logo. Hasta el momento hay 21 personas detenidas.<br \/>\nEn ese sentido, la ministra Zalazar reiter\u00f3 el pedido de di\u00e1logo y respeto por las leyes. \u201cEn una sociedad democr\u00e1tica como la nuestra el \u00fanico camino para restablecer el orden es el di\u00e1logo, que nunca debe cortarse entre diferentes estamentos del Estado y la comunidad&#8221;, declar\u00f3. Tambi\u00e9n se solidariz\u00f3 &#8220;con las v\u00edctimas de los hechos, con nuestra Polic\u00eda que nos cuida todos los d\u00edas, y con los vecinos y vecinas de Nueva Pompeya&#8221;.<\/p>\n<p>Refuerzos de Gendarmer\u00eda<br \/>\nEst\u00e1n puestos \u201ctodos los recursos que sean necesarios para garantizar el cuidado de los ciudadanos y efectivos policiales que trabajan de buena fe para garantizar la paz social y restablecer el orden\u201d. Adem\u00e1s, inform\u00f3 que en las pr\u00f3ximas horas llegar\u00e1n a la localidad refuerzos de Gendarmer\u00eda enviados por el Gobierno Nacional.<br \/>\nCabe aclarar que los disturbios comenzaron hace una semana, de manera injustificada en reclamo por la b\u00fasqueda de Salustiano G\u00edmenez, quien, desde el momento en que fue denunciada su desaparici\u00f3n, el 17 de febrero, fue buscado por el Sistema de B\u00fasqueda Provincial y por el Sistema Federal de B\u00fasqueda de Personas, con la utilizaci\u00f3n de recursos t\u00e9cnicos como drones (uno t\u00e9rmico) y dos canes, y de recursos humanos especializados disponibles en la provincia.<\/p>\n","protected":false},"excerpt":{"rendered":"<p>La ministra de Seguridad, Gloria Zalazar; el jefe de la Polic\u00eda, Ariel Acu\u00f1a; la secretaria de Derechos Humanos, Silvana P\u00e9rez; y el defensor del Pueblo, Bernardo Voloj; entre otros, atender\u00e1n personalmente la situaci\u00f3n. El objetivo es buscar un camino de di\u00e1logo que permita \u201cel cese de la violencia\u201d en la localidad. Frente a los disturbios [&hellip;]<\/p>\n","protected":false},"author":1,"featured_media":19472,"comment_status":"closed","ping_status":"closed","sticky":false,"template":"","format":"standard","meta":{"footnotes":""},"categories":[6],"tags":[],"class_list":{"0":"post-19471","1":"post","2":"type-post","3":"status-publish","4":"format-standard","5":"has-post-thumbnail","7":"category-chaco"},"_links":{"self":[{"href":"https:\/\/chacosintesis.com.ar\/index.php\/wp-json\/wp\/v2\/posts\/19471","targetHints":{"allow":["GET"]}}],"collection":[{"href":"https:\/\/chacosintesis.com.ar\/index.php\/wp-json\/wp\/v2\/posts"}],"about":[{"href":"https:\/\/chacosintesis.com.ar\/index.php\/wp-json\/wp\/v2\/types\/post"}],"author":[{"embeddable":true,"href":"https:\/\/chacosintesis.com.ar\/index.php\/wp-json\/wp\/v2\/users\/1"}],"replies":[{"embeddable":true,"href":"https:\/\/chacosintesis.com.ar\/index.php\/wp-json\/wp\/v2\/comments?post=19471"}],"version-history":[{"count":0,"href":"https:\/\/chacosintesis.com.ar\/index.php\/wp-json\/wp\/v2\/posts\/19471\/revisions"}],"wp:featuredmedia":[{"embeddable":true,"href":"https:\/\/chacosintesis.com.ar\/index.php\/wp-json\/wp\/v2\/media\/19472"}],"wp:attachment":[{"href":"https:\/\/chacosintesis.com.ar\/index.php\/wp-json\/wp\/v2\/media?parent=19471"}],"wp:term":[{"taxonomy":"category","embeddable":true,"href":"https:\/\/chacosintesis.com.ar\/index.php\/wp-json\/wp\/v2\/categories?post=19471"},{"taxonomy":"post_tag","embeddable":true,"href":"https:\/\/chacosintesis.com.ar\/index.php\/wp-json\/wp\/v2\/tags?post=19471"}],"curies":[{"name":"wp","href":"https:\/\/api.w.org\/{rel}","templated":true}]}}