{"id":19406,"date":"2023-03-03T20:09:46","date_gmt":"2023-03-03T23:09:46","guid":{"rendered":"https:\/\/chacosintesis.com.ar\/?p=19406"},"modified":"2023-03-03T20:37:33","modified_gmt":"2023-03-03T23:37:33","slug":"centeno-el-desafio-del-sistema-de-salud-es-transversalizar-la-perspectiva-de-genero","status":"publish","type":"post","link":"https:\/\/chacosintesis.com.ar\/index.php\/centeno-el-desafio-del-sistema-de-salud-es-transversalizar-la-perspectiva-de-genero\/","title":{"rendered":"Centeno: &#8220;El desaf\u00edo del sistema de Salud es transversalizar la perspectiva de g\u00e9nero&#8221;"},"content":{"rendered":"<p>La ministra de Salud P\u00fablica destac\u00f3 que si bien el sistema &#8220;est\u00e1 feminizado en un 70%&#8221;, existen m\u00faltiples planos de acci\u00f3n para trabajar en la superaci\u00f3n de las desigualdades que existen entre hombres y mujeres; y se plasman -por ejemplo- en la ocupaci\u00f3n de cargos de gesti\u00f3n.<\/p>\n<p>De cara a llegada del 8 de marzo, fecha en la que se conmemora el D\u00eda Internacional de la Mujer, la ministra de Salud P\u00fablica, Carolina Centeno, destac\u00f3 que el sistema provincial est\u00e1 &#8220;feminizado en un 70%, y esto tiene que ver con la disputa por las desigualdades entre hombres y mujeres, y tambi\u00e9n con las diversidades&#8221;. &#8220;Hace unos meses lanzamos el programa de Salud para las Diversidades en la provincia, con la apertura de nuevos Consultorios Amigables, para los colectivos LGBTQ+; pero tambi\u00e9n como provincia estamos orgullosos por la aplicaci\u00f3n de la ley de la IVE&#8221;, sostuvo en declaraciones a Radio Provincia.<br \/>\nEn este contexto, la ministra anticip\u00f3 que -en los pr\u00f3ximos d\u00edas- se presentar\u00e1 el informe de Salud Sexual y Reproductiva del 2022; pero adem\u00e1s se piensa en fortalecer a las y los trabajadores fortaleciendo desde la guarder\u00eda o el jard\u00edn del Hospital Perrando que ayudan al cuidados de sus hijas e hijos. &#8220;Ahora, estamos comprando mam\u00f3grafo para dar batalla contra el c\u00e1ncer de mamas, que aborda en un 99% a las mujeres y es el primero en incidencia: tenemos que facilitar este diagn\u00f3stico porque sabemos que muchas mujeres posponen su salud por cuidar a sus hijos o atender a los adultos mayores de las familias&#8221;, indic\u00f3.<br \/>\nAdem\u00e1s, desde la cartera sanitaria se trabaja en la erradicaci\u00f3n y sanci\u00f3n de la violencia, entre pares o institucional contra las mujeres, como parte de las pol\u00edticas p\u00fablicas para visibilizar el arduo trabajo que implica pelear contra las desigualdades vigentes. &#8220;Si bien aqu\u00ed en la provincia no hay diferencias salariales entre varones y mujeres, porque se escalafona de manera distinta, pero luego del trabajo, sobre  las mujeres recaen las tareas de la casa, el cuidado de los adultos mayores y otras cuestiones que inciden sobre c\u00f3mo se configuran las mujeres dentro del sistema&#8221;, reflexion\u00f3.<br \/>\nM\u00e1s all\u00e1 de lo que ocurre puntualmente en el ministerio, Centeno alert\u00f3 que en los cargos de gesti\u00f3n las diferencias son reales y esto tiene que ver con &#8220;una mirada que, muchas veces, a\u00fan el sistema de Salud se articular en t\u00e9rminos patriarcales que urge revisar&#8221;. La ministra indic\u00f3 que &#8220;muchas veces, la puerta de entrada a la violencia hacia las mujeres est\u00e1 vinculada al sistema de Salud y, a partir de esto, es que promovemos las capacitaciones Ley Micaela y en el trabajo de los indicadores de riesgo para poder ayudar a una mujer en estas situaciones&#8221;. &#8220;Si cruzamos g\u00e9nero, clases y etnias; vemos que estas variables inciden a\u00fan m\u00e1s, pero nuestro ministerio tiene como desaf\u00edo transversalizar la perspectiva de g\u00e9nero y esto tiene que ver con capacitaciones pero tambi\u00e9n erradicar la violencia obst\u00e9trica, por ejemplo&#8221;, expuso Centeno.<br \/>\nTransversalizar la perspectiva de g\u00e9nero significa visibilizar y analizar las desigualdades entre los g\u00e9neros, las relaciones de poder existentes entre los mismos, e intervenir para modificarlo.<\/p>\n","protected":false},"excerpt":{"rendered":"<p>La ministra de Salud P\u00fablica destac\u00f3 que si bien el sistema &#8220;est\u00e1 feminizado en un 70%&#8221;, existen m\u00faltiples planos de acci\u00f3n para trabajar en la superaci\u00f3n de las desigualdades que existen entre hombres y mujeres; y se plasman -por ejemplo- en la ocupaci\u00f3n de cargos de gesti\u00f3n. De cara a llegada del 8 de marzo, [&hellip;]<\/p>\n","protected":false},"author":1,"featured_media":19407,"comment_status":"closed","ping_status":"closed","sticky":false,"template":"","format":"standard","meta":{"footnotes":""},"categories":[6],"tags":[],"class_list":{"0":"post-19406","1":"post","2":"type-post","3":"status-publish","4":"format-standard","5":"has-post-thumbnail","7":"category-chaco"},"_links":{"self":[{"href":"https:\/\/chacosintesis.com.ar\/index.php\/wp-json\/wp\/v2\/posts\/19406","targetHints":{"allow":["GET"]}}],"collection":[{"href":"https:\/\/chacosintesis.com.ar\/index.php\/wp-json\/wp\/v2\/posts"}],"about":[{"href":"https:\/\/chacosintesis.com.ar\/index.php\/wp-json\/wp\/v2\/types\/post"}],"author":[{"embeddable":true,"href":"https:\/\/chacosintesis.com.ar\/index.php\/wp-json\/wp\/v2\/users\/1"}],"replies":[{"embeddable":true,"href":"https:\/\/chacosintesis.com.ar\/index.php\/wp-json\/wp\/v2\/comments?post=19406"}],"version-history":[{"count":0,"href":"https:\/\/chacosintesis.com.ar\/index.php\/wp-json\/wp\/v2\/posts\/19406\/revisions"}],"wp:featuredmedia":[{"embeddable":true,"href":"https:\/\/chacosintesis.com.ar\/index.php\/wp-json\/wp\/v2\/media\/19407"}],"wp:attachment":[{"href":"https:\/\/chacosintesis.com.ar\/index.php\/wp-json\/wp\/v2\/media?parent=19406"}],"wp:term":[{"taxonomy":"category","embeddable":true,"href":"https:\/\/chacosintesis.com.ar\/index.php\/wp-json\/wp\/v2\/categories?post=19406"},{"taxonomy":"post_tag","embeddable":true,"href":"https:\/\/chacosintesis.com.ar\/index.php\/wp-json\/wp\/v2\/tags?post=19406"}],"curies":[{"name":"wp","href":"https:\/\/api.w.org\/{rel}","templated":true}]}}