{"id":19404,"date":"2023-03-03T20:08:15","date_gmt":"2023-03-03T23:08:15","guid":{"rendered":"https:\/\/chacosintesis.com.ar\/?p=19404"},"modified":"2023-03-03T20:37:33","modified_gmt":"2023-03-03T23:37:33","slug":"capitanich-y-las-elecciones-propongo-discutir-un-plan-de-gobierno-y-generar-una-estrategia-para-ganar","status":"publish","type":"post","link":"https:\/\/chacosintesis.com.ar\/index.php\/capitanich-y-las-elecciones-propongo-discutir-un-plan-de-gobierno-y-generar-una-estrategia-para-ganar\/","title":{"rendered":"Capitanich y las elecciones: &#8220;Propongo discutir un plan de gobierno y generar una estrategia para ganar&#8221;"},"content":{"rendered":"<p>El gobernador de la provincia del Chaco, Jorge Capitanich, dej\u00f3 abierta la posibilidad de ser precandidato a Presidente. Tambi\u00e9n habl\u00f3 de la Vicepresidenta: &#8220;El liderazgo de Cristina es indiscutible&#8221;, destac\u00f3.<\/p>\n<p> En medio de un a\u00f1o electoral, el gobernador de la provincia del Chaco, Jorge Capitanich, dej\u00f3 abierta la posibilidad de ser precandidato a Presidente por el Frente de Todos y dijo que &#8220;primero hay que debatir un plan de gobierno&#8221;. En di\u00e1logo con El Destape Radio tambi\u00e9n se\u00f1al\u00f3 que &#8220;el liderazgo de Cristina Kirchner es indiscutible&#8221;. El dirigente adem\u00e1s pidi\u00f3 hacer lo que hizo el entonces presidente Eduardo Duhalde en 2003 cuando descart\u00f3 a Carlos Menem como candidato y postul\u00f3 a N\u00e9stor Kirchner porque ten\u00eda m\u00e1s posibilidades de ganar.<br \/>\n&#8220;Hay que hacer lo que hizo Duhalde en el 2003. Generar una estrategia para ganar las elecciones. Ello signific\u00f3 admitir que en un escenario pol\u00edtico de Menem candidato, se pod\u00edan perder las elecciones dentro del peronismo y en sus diferentes variantes. Entonces era necesario plantear una nueva estrategia y eso implic\u00f3 que N\u00e9stor Kirchner sea presidente de los argentinos&#8221;, record\u00f3 el dirigente.<br \/>\nEl gobernador chaque\u00f1o se refiri\u00f3 al escenario pol\u00edtico actual y explic\u00f3 que &#8220;estoy decidido a participar en el debate pol\u00edtico&#8221;, y agreg\u00f3: &#8220;No hay que poner el carro adelante del caballo, primero hay que debatir un plan de gobierno&#8221;.<br \/>\n&#8220;Propongo discutir un plan de Gobierno por eso hago la presentaci\u00f3n del libro &#8216;Argentina necesita m\u00e1s&#8217;. Segundo, eso tiene que ser un debate del Frente de Todos y la conformaci\u00f3n de equipos con ideas para implementar un plan de Gobierno. En tercer lugar el liderazgo hay que dirimir en otro escenario. Hay que reconocer algunas cuestiones que son esenciales en nuestro espacio&#8221;, se sincer\u00f3.<br \/>\nEn ese sentido &#8220;Coqui&#8221; Capitanich indic\u00f3 que &#8220;vamos a hacer todos los an\u00e1lisis habidos y por haber. Puede ser candidato Alberto, Cristina, Massa por separado o de forma conjunta o pueden ir a las PASO&#8221;.  \u201cLa respuesta concreta es: no me sustraigo al debate nacional, participo con la presentaci\u00f3n de este libro para debatir ideas y propuestas. Tercero, la cuesti\u00f3n electoral es una cuesti\u00f3n que requiere un an\u00e1lisis riguroso de todos con mucha humildad  para afrontar los desaf\u00edos del futuro\u201d, finaliz\u00f3.<br \/>\nEl narcotr\u00e1fico en Argentina<br \/>\nEl mensaje mafioso al supermercado de la familia este jueves a la pareja de Lionel Messi -Antonella Roccuzzo- destap\u00f3 un problema que azota a Rosario desde hace a\u00f1os: los ataques con disparos en frentes de casas se registran desde hace m\u00e1s de un d\u00e9cada y en promedio hay diez por d\u00eda, de acuerdo a informaci\u00f3n registrada por las fiscal\u00edas especializadas.<br \/>\nAl respecto Capitanich se\u00f1al\u00f3 que &#8220;los consumos problem\u00e1ticos se extienden a 3 niveles: la prevenci\u00f3n, la ayuda y la reinserci\u00f3n, ello requiere un fuerte conceso y alta movilizaci\u00f3n social&#8221;. Adem\u00e1s dijo: &#8220;Estoy de acuerdo en debatir una reforma respecto de la administraci\u00f3n de estupefacientes. Es necesario discutir la regulaci\u00f3n de algunas drogas&#8221;. &#8220;Cuando el Estado est\u00e1 ausente las bandas narco copan la calle&#8221;, sentenci\u00f3.<br \/>\nFuente: El Destape<\/p>\n","protected":false},"excerpt":{"rendered":"<p>El gobernador de la provincia del Chaco, Jorge Capitanich, dej\u00f3 abierta la posibilidad de ser precandidato a Presidente. Tambi\u00e9n habl\u00f3 de la Vicepresidenta: &#8220;El liderazgo de Cristina es indiscutible&#8221;, destac\u00f3. En medio de un a\u00f1o electoral, el gobernador de la provincia del Chaco, Jorge Capitanich, dej\u00f3 abierta la posibilidad de ser precandidato a Presidente por [&hellip;]<\/p>\n","protected":false},"author":1,"featured_media":19405,"comment_status":"closed","ping_status":"closed","sticky":false,"template":"","format":"standard","meta":{"footnotes":""},"categories":[6],"tags":[],"class_list":{"0":"post-19404","1":"post","2":"type-post","3":"status-publish","4":"format-standard","5":"has-post-thumbnail","7":"category-chaco"},"_links":{"self":[{"href":"https:\/\/chacosintesis.com.ar\/index.php\/wp-json\/wp\/v2\/posts\/19404","targetHints":{"allow":["GET"]}}],"collection":[{"href":"https:\/\/chacosintesis.com.ar\/index.php\/wp-json\/wp\/v2\/posts"}],"about":[{"href":"https:\/\/chacosintesis.com.ar\/index.php\/wp-json\/wp\/v2\/types\/post"}],"author":[{"embeddable":true,"href":"https:\/\/chacosintesis.com.ar\/index.php\/wp-json\/wp\/v2\/users\/1"}],"replies":[{"embeddable":true,"href":"https:\/\/chacosintesis.com.ar\/index.php\/wp-json\/wp\/v2\/comments?post=19404"}],"version-history":[{"count":0,"href":"https:\/\/chacosintesis.com.ar\/index.php\/wp-json\/wp\/v2\/posts\/19404\/revisions"}],"wp:featuredmedia":[{"embeddable":true,"href":"https:\/\/chacosintesis.com.ar\/index.php\/wp-json\/wp\/v2\/media\/19405"}],"wp:attachment":[{"href":"https:\/\/chacosintesis.com.ar\/index.php\/wp-json\/wp\/v2\/media?parent=19404"}],"wp:term":[{"taxonomy":"category","embeddable":true,"href":"https:\/\/chacosintesis.com.ar\/index.php\/wp-json\/wp\/v2\/categories?post=19404"},{"taxonomy":"post_tag","embeddable":true,"href":"https:\/\/chacosintesis.com.ar\/index.php\/wp-json\/wp\/v2\/tags?post=19404"}],"curies":[{"name":"wp","href":"https:\/\/api.w.org\/{rel}","templated":true}]}}