{"id":19401,"date":"2023-03-03T19:12:52","date_gmt":"2023-03-03T22:12:52","guid":{"rendered":"https:\/\/chacosintesis.com.ar\/?p=19401"},"modified":"2023-03-03T19:12:53","modified_gmt":"2023-03-03T22:12:53","slug":"principio-de-acuerdo-entre-juan-carlos-polini-y-leandro-zdero-para-las-proximas-elecciones","status":"publish","type":"post","link":"https:\/\/chacosintesis.com.ar\/index.php\/principio-de-acuerdo-entre-juan-carlos-polini-y-leandro-zdero-para-las-proximas-elecciones\/","title":{"rendered":"Principio de acuerdo entre Juan Carlos Polini y Leandro Zdero para las pr\u00f3ximas elecciones"},"content":{"rendered":"\n<p>Si bien Polini de Convergencia Social y Zdero de SUMAR no han determinado qui\u00e9n ser\u00e1 candidato a gobernador y a vice, hay acuerdo que se determinar\u00e1 en abril con una medici\u00f3n entre ambos.<\/p>\n\n\n\n<p>El objetivo que buscan es ampliar una fuerza como oposici\u00f3n para las elecciones de este a\u00f1o a gobernador.<\/p>\n","protected":false},"excerpt":{"rendered":"<p>Si bien Polini de Convergencia Social y Zdero de SUMAR no han determinado qui\u00e9n ser\u00e1 candidato a gobernador y a vice, hay acuerdo que se determinar\u00e1 en abril con una medici\u00f3n entre ambos. El objetivo que buscan es ampliar una fuerza como oposici\u00f3n para las elecciones de este a\u00f1o a gobernador.<\/p>\n","protected":false},"author":1,"featured_media":19402,"comment_status":"closed","ping_status":"closed","sticky":false,"template":"","format":"standard","meta":{"footnotes":""},"categories":[6],"tags":[],"class_list":{"0":"post-19401","1":"post","2":"type-post","3":"status-publish","4":"format-standard","5":"has-post-thumbnail","7":"category-chaco"},"_links":{"self":[{"href":"https:\/\/chacosintesis.com.ar\/index.php\/wp-json\/wp\/v2\/posts\/19401","targetHints":{"allow":["GET"]}}],"collection":[{"href":"https:\/\/chacosintesis.com.ar\/index.php\/wp-json\/wp\/v2\/posts"}],"about":[{"href":"https:\/\/chacosintesis.com.ar\/index.php\/wp-json\/wp\/v2\/types\/post"}],"author":[{"embeddable":true,"href":"https:\/\/chacosintesis.com.ar\/index.php\/wp-json\/wp\/v2\/users\/1"}],"replies":[{"embeddable":true,"href":"https:\/\/chacosintesis.com.ar\/index.php\/wp-json\/wp\/v2\/comments?post=19401"}],"version-history":[{"count":0,"href":"https:\/\/chacosintesis.com.ar\/index.php\/wp-json\/wp\/v2\/posts\/19401\/revisions"}],"wp:featuredmedia":[{"embeddable":true,"href":"https:\/\/chacosintesis.com.ar\/index.php\/wp-json\/wp\/v2\/media\/19402"}],"wp:attachment":[{"href":"https:\/\/chacosintesis.com.ar\/index.php\/wp-json\/wp\/v2\/media?parent=19401"}],"wp:term":[{"taxonomy":"category","embeddable":true,"href":"https:\/\/chacosintesis.com.ar\/index.php\/wp-json\/wp\/v2\/categories?post=19401"},{"taxonomy":"post_tag","embeddable":true,"href":"https:\/\/chacosintesis.com.ar\/index.php\/wp-json\/wp\/v2\/tags?post=19401"}],"curies":[{"name":"wp","href":"https:\/\/api.w.org\/{rel}","templated":true}]}}