{"id":19399,"date":"2023-03-03T10:19:22","date_gmt":"2023-03-03T13:19:22","guid":{"rendered":"https:\/\/chacosintesis.com.ar\/?p=19399"},"modified":"2023-03-03T10:37:09","modified_gmt":"2023-03-03T13:37:09","slug":"horror-en-villa-angela-mato-a-cascotazos-a-una-perrita-dijo-que-fue-por-los-ladridos","status":"publish","type":"post","link":"https:\/\/chacosintesis.com.ar\/index.php\/horror-en-villa-angela-mato-a-cascotazos-a-una-perrita-dijo-que-fue-por-los-ladridos\/","title":{"rendered":"Horror en Villa \u00c1ngela: mat\u00f3 a cascotazos a una perrita, dijo que fue por &#8220;los ladridos&#8221;"},"content":{"rendered":"<p>El pasado martes una familia de la localidad de Villa \u00c1ngela protagoniz\u00f3 una tragedia, ya que un vecino mat\u00f3 a ladrillazos a su perrita llamada Lul\u00fa.<\/p>\n<p>Luego del hecho la familia realiz\u00f3 la denuncia en la comisar\u00eda Primera de dicha localidad donde narran que el supuesto autor del hecho pasaba por la vereda de su casa y cuando la perrita caniche lo sali\u00f3 a ladrar decidi\u00f3 arrojarle cascotazos, terminando as\u00ed con la vida de la misma.<br \/>\nSeg\u00fan consta la misma el hecho sucedi\u00f3 en la propia vereda de su casa y frente a los ojos de un menor de edad, quien se encontraba jugando con el animal y fue el encargado de entrar a la casa para contar lo que hab\u00eda pasado,<br \/>\n&#8220;La mataron de manera muy cruel, tir\u00e1ndole cascotazos hasta dejarla desmayada, el tipo al ver lo que hizo sali\u00f3 a disparar como un cobarde, dej\u00e1ndola tirada&#8221;, expres\u00f3 la familia luego del hecho.<br \/>\nAsimismo, en el posteo expuesto por la fundaci\u00f3n Los Perros De GRACE, la familia cuenta que fueron hasta la casa del supuesto autor y el mismo habr\u00eda manifestado que hizo eso &#8220;porque estaba cansado de que ella ladrara&#8221;.<br \/>\n&#8220;Nosotros como familia estamos destruidos ya que Lul\u00fa era como una hija para nosotros y no queremos que esto quede en la nada ya que ella no merec\u00eda morir as\u00ed ella no pudo ni defenderse&#8221;, dice el sentido mensaje que la familia difundi\u00f3 a trav\u00e9s de la fundaci\u00f3n.<br \/>\n DIARIO TAG.-<\/p>\n","protected":false},"excerpt":{"rendered":"<p>El pasado martes una familia de la localidad de Villa \u00c1ngela protagoniz\u00f3 una tragedia, ya que un vecino mat\u00f3 a ladrillazos a su perrita llamada Lul\u00fa. Luego del hecho la familia realiz\u00f3 la denuncia en la comisar\u00eda Primera de dicha localidad donde narran que el supuesto autor del hecho pasaba por la vereda de su [&hellip;]<\/p>\n","protected":false},"author":1,"featured_media":19400,"comment_status":"closed","ping_status":"closed","sticky":false,"template":"","format":"standard","meta":{"footnotes":""},"categories":[6],"tags":[],"class_list":{"0":"post-19399","1":"post","2":"type-post","3":"status-publish","4":"format-standard","5":"has-post-thumbnail","7":"category-chaco"},"_links":{"self":[{"href":"https:\/\/chacosintesis.com.ar\/index.php\/wp-json\/wp\/v2\/posts\/19399","targetHints":{"allow":["GET"]}}],"collection":[{"href":"https:\/\/chacosintesis.com.ar\/index.php\/wp-json\/wp\/v2\/posts"}],"about":[{"href":"https:\/\/chacosintesis.com.ar\/index.php\/wp-json\/wp\/v2\/types\/post"}],"author":[{"embeddable":true,"href":"https:\/\/chacosintesis.com.ar\/index.php\/wp-json\/wp\/v2\/users\/1"}],"replies":[{"embeddable":true,"href":"https:\/\/chacosintesis.com.ar\/index.php\/wp-json\/wp\/v2\/comments?post=19399"}],"version-history":[{"count":0,"href":"https:\/\/chacosintesis.com.ar\/index.php\/wp-json\/wp\/v2\/posts\/19399\/revisions"}],"wp:featuredmedia":[{"embeddable":true,"href":"https:\/\/chacosintesis.com.ar\/index.php\/wp-json\/wp\/v2\/media\/19400"}],"wp:attachment":[{"href":"https:\/\/chacosintesis.com.ar\/index.php\/wp-json\/wp\/v2\/media?parent=19399"}],"wp:term":[{"taxonomy":"category","embeddable":true,"href":"https:\/\/chacosintesis.com.ar\/index.php\/wp-json\/wp\/v2\/categories?post=19399"},{"taxonomy":"post_tag","embeddable":true,"href":"https:\/\/chacosintesis.com.ar\/index.php\/wp-json\/wp\/v2\/tags?post=19399"}],"curies":[{"name":"wp","href":"https:\/\/api.w.org\/{rel}","templated":true}]}}