{"id":19391,"date":"2023-03-03T07:32:04","date_gmt":"2023-03-03T10:32:04","guid":{"rendered":"https:\/\/chacosintesis.com.ar\/?p=19391"},"modified":"2023-03-03T07:37:33","modified_gmt":"2023-03-03T10:37:33","slug":"los-ninos-victimas-involuntarias-de-la-falta-de-apego-a-las-normas-de-transito","status":"publish","type":"post","link":"https:\/\/chacosintesis.com.ar\/index.php\/los-ninos-victimas-involuntarias-de-la-falta-de-apego-a-las-normas-de-transito\/","title":{"rendered":"Los ni\u00f1os, v\u00edctimas involuntarias de la falta de apego a las normas de tr\u00e1nsito"},"content":{"rendered":"<p>Un relevamiento del sector de Epidemiolog\u00eda del Hospital Pedi\u00e1trico Avelino Castel\u00e1n alerta sobre las graves consecuencias de esta desidia para la salud de los m\u00e1s peque\u00f1os.<\/p>\n<p>Durante los a\u00f1os 2021 y 2022, en el Hospital Pedi\u00e1trico &#8220;Doctor Avelino Castel\u00e1n&#8221; se confeccionaron y notificaron 284 fichas de lesiones por transporte, las cuales fueron recabadas del parte diario de internaci\u00f3n elaborado por el Servicio de Estad\u00edstica de ese nosocomio -a cargo del licenciado en Enfermer\u00eda y diplomado en Epidemiolog\u00eda David Nanni- y a trav\u00e9s de entrevistas a los tutores presentes en el momento de la consulta.<br \/>\nLos datos registrados por ese servicio dan cuenta de los casos de los ni\u00f1os hasta 14 a\u00f1os que acudieron al nosocomio para recibir atenci\u00f3n. No son el universo total, pero sirven para dimensionar la magnitud del riesgo al que est\u00e1n expuestos estos menores a causa de la falta de atenci\u00f3n a las normas y la imprudencia en el tr\u00e1nsito de quienes debieran resguardarlos.<\/p>\n<p> CIFRAS QUE PREOCUPAN<br \/>\nLos datos son de los a\u00f1os 2021 y 2022. En las lesiones por transporte discriminadas seg\u00fan veh\u00edculo, las originadas por accidentes en moto han registrado 98 casos en 2021 y 111 en 2022: por siniestros en bicicleta, 18 en 2021 y 14 en 2022; en aquellos protagonizados por autos 7 en 2021 y 8 en 2022, y con caballos (un medio de movilidad a\u00fan utilizado en zonas rurales del interior de la provincia y en \u00e1reas suburbanas), 3 casos cada a\u00f1o.<br \/>\nEl an\u00e1lisis seg\u00fan edad arroja que hubo 6 pacientes menores de un a\u00f1o ingresados por lesiones por transporte en 2021 y 4 en 2022. En el rango de 1 a 4 a\u00f1os fueron 36 en 2021 y 32 en 2022. De 5 a 9 a\u00f1os, 45 en 2021 y 67 en 2022. Y de 10 a 14 a\u00f1os, 44 en 2021 y 50 en 2022.<br \/>\nEn lo que respecta a las lesiones sufridas, en 2021 los casos diagnosticados con trauma craneoencef\u00e1lico (TEC) fueron 37, y en 2022 46. Las fracturas de cualquier miembro en 2021 sumaron 40 pacientes, y 46 en 2022. Y en lo referente a golpes, contusiones o heridas, 49 ni\u00f1os fueron atendidos en 2021 y 39 en 2022.<br \/>\n ADVERTENCIAS DE LOS ESPECIALISTAS<br \/>\n&#8220;Se registraron dos fallecimientos de ni\u00f1os que ingresaron para ser atendidos en 2021 y uno en 2022 a ra\u00edz de lesiones por transporte. El hospital, al ser una referencia zonal, tiene alrededor de un 60 por ciento de casos por siniestros viales en el Gran Resistencia, y el 40 por ciento restante provenientes del interior, que generalmente son derivados aqu\u00ed por su gravedad. M\u00e1s all\u00e1 de los gastos y de las secuelas permanentes, es preocupante que no se tome conciencia de los riesgos que corren los ni\u00f1os al subir a un motoveh\u00edculo cuyos conductores no respetan las normas de tr\u00e1nsito. Muchas veces hay golpes internos que muestran sus consecuencias reci\u00e9n con el paso de los a\u00f1os, en el bazo o los ri\u00f1ones, por ejemplo. Los peque\u00f1os sufren muchos TEC dado que la cabeza a esa corta edad es la parte m\u00e1s pesada del cuerpo y es lo primero que impacta en las ca\u00eddas. Tambi\u00e9n hay padres que traen los chicos a la guardia reci\u00e9n a la semana o diez d\u00edas del accidente y no en el momento. Se debe tomar conciencia de que debemos cuidar a nuestros chicos en todo momento&#8221;, se\u00f1al\u00f3 el licenciado Nanni.<br \/>\n DIARIO NORTE.-<\/p>\n","protected":false},"excerpt":{"rendered":"<p>Un relevamiento del sector de Epidemiolog\u00eda del Hospital Pedi\u00e1trico Avelino Castel\u00e1n alerta sobre las graves consecuencias de esta desidia para la salud de los m\u00e1s peque\u00f1os. Durante los a\u00f1os 2021 y 2022, en el Hospital Pedi\u00e1trico &#8220;Doctor Avelino Castel\u00e1n&#8221; se confeccionaron y notificaron 284 fichas de lesiones por transporte, las cuales fueron recabadas del parte [&hellip;]<\/p>\n","protected":false},"author":1,"featured_media":19392,"comment_status":"closed","ping_status":"closed","sticky":false,"template":"","format":"standard","meta":{"footnotes":""},"categories":[6],"tags":[197],"class_list":{"0":"post-19391","1":"post","2":"type-post","3":"status-publish","4":"format-standard","5":"has-post-thumbnail","7":"category-chaco","8":"tag-destacada"},"_links":{"self":[{"href":"https:\/\/chacosintesis.com.ar\/index.php\/wp-json\/wp\/v2\/posts\/19391","targetHints":{"allow":["GET"]}}],"collection":[{"href":"https:\/\/chacosintesis.com.ar\/index.php\/wp-json\/wp\/v2\/posts"}],"about":[{"href":"https:\/\/chacosintesis.com.ar\/index.php\/wp-json\/wp\/v2\/types\/post"}],"author":[{"embeddable":true,"href":"https:\/\/chacosintesis.com.ar\/index.php\/wp-json\/wp\/v2\/users\/1"}],"replies":[{"embeddable":true,"href":"https:\/\/chacosintesis.com.ar\/index.php\/wp-json\/wp\/v2\/comments?post=19391"}],"version-history":[{"count":0,"href":"https:\/\/chacosintesis.com.ar\/index.php\/wp-json\/wp\/v2\/posts\/19391\/revisions"}],"wp:featuredmedia":[{"embeddable":true,"href":"https:\/\/chacosintesis.com.ar\/index.php\/wp-json\/wp\/v2\/media\/19392"}],"wp:attachment":[{"href":"https:\/\/chacosintesis.com.ar\/index.php\/wp-json\/wp\/v2\/media?parent=19391"}],"wp:term":[{"taxonomy":"category","embeddable":true,"href":"https:\/\/chacosintesis.com.ar\/index.php\/wp-json\/wp\/v2\/categories?post=19391"},{"taxonomy":"post_tag","embeddable":true,"href":"https:\/\/chacosintesis.com.ar\/index.php\/wp-json\/wp\/v2\/tags?post=19391"}],"curies":[{"name":"wp","href":"https:\/\/api.w.org\/{rel}","templated":true}]}}