{"id":19389,"date":"2023-03-03T07:19:00","date_gmt":"2023-03-03T10:19:00","guid":{"rendered":"https:\/\/chacosintesis.com.ar\/?p=19389"},"modified":"2023-03-03T07:37:31","modified_gmt":"2023-03-03T10:37:31","slug":"conciliacion-obligatoria-suspendio-el-paro-en-salud","status":"publish","type":"post","link":"https:\/\/chacosintesis.com.ar\/index.php\/conciliacion-obligatoria-suspendio-el-paro-en-salud\/","title":{"rendered":"Conciliaci\u00f3n obligatoria suspendi\u00f3 el paro en Salud"},"content":{"rendered":"<p>A tres d\u00edas de la segunda reuni\u00f3n de la Comisi\u00f3n de Pol\u00edtica Salarial y Condiciones de Trabajo entre el Gobierno y sindicatos estatales, la Uni\u00f3n del Personal Civil de la Provincia (UPCP) convoc\u00f3 a un paro sectorial por 48 horas, en Salud P\u00fablica, que deb\u00eda cumplirse a partir de ayer. Sin embargo, el llamado a conciliaci\u00f3n obligatoria por parte de la Direcci\u00f3n Provincial del Trabajo puso punto suspensivo a la protesta, por cinco d\u00edas h\u00e1biles. Al tiempo que fij\u00f3 audiencia para el pr\u00f3ximo 8, a las 10, en la sede de la dependencia estatal de Obligado 130. La resoluci\u00f3n 076\/23 fue recibida el pasado mi\u00e9rcoles 1, a la 18, y dispone la retracci\u00f3n de las medidas de fuerza. Seg\u00fan argumentaron desde el gremio, la protesta responde a \u00abla crisis sanitaria que pone en riesgo el acceso a la salud p\u00fablica\u00bb. Por esto solicitaron una audiencia con car\u00e1cter de urgente al gobernador Jorge Capitanich.<br \/>\nSITUACI\u00d3N ACTUAL El secretario general del gremio, Jos\u00e9 Niz, indic\u00f3 que \u00abla falta de respuesta a los puntos de reclamo notificados, entre ellos una solicitud de audiencia al gobernador, motiv\u00f3 el paro sectorial y tiene como objetivo sensibilizar a la ministra de Salud, ante el desabastecimiento y desmantelamiento del sistema sanitario, que expone a un estado de abandono a la poblaci\u00f3n chaque\u00f1a\u00bb. Desde UPCP afirmaron que \u00abla Salud P\u00fablica atraviesa una crisis profunda de vieja data y se necesita la voluntad pol\u00edtica para poder generar una verdadera inversi\u00f3n que fortalezca el sistema sanitario en materia de recursos humanos, equipamiento, insumos, ambulancias, provisi\u00f3n de los medicamentos, haciendo \u00e9nfasis en los pacientes con patolog\u00edas cr\u00f3nicas y, a partir de all\u00ed, que los chaque\u00f1os tengamos otra realidad en el acceso a los servicios de salud\u00bb. \u00abReclamamos una inversi\u00f3n real en el hospital Perrando y pedi\u00e1trico, teniendo en cuenta que son hospitales de referencia del nordeste y donde hoy necesitamos equipamientos b\u00e1sicos tales como audi\u00f3metro, resonador, ec\u00f3grafos, infraestructura edilicia\u00bb, detallaron. \u00abHoy, la adecuaci\u00f3n en materia de infraestructura de acuerdo con las necesidades del Ministerio acorde con la demanda, no admite dilaci\u00f3n. A la fecha no disponemos de la cantidad de quir\u00f3fanos para realizar las cirug\u00edas generales y por especialidad, acceso a los turnos para atenci\u00f3n de m\u00e9dicos generalistas\/cl\u00ednicos y especialidades. Tampoco disponemos de Unidad Coronaria para volver a ser una unidad sanitaria de avanzada como lo fue en su momento el Hospital Perrando\u00bb, destacaron. \u00abEs indispensable que el Ministerio de Salud P\u00fablica cumpla las funciones de prevenci\u00f3n que le asigna la Ley de Ministerios y esencialmente instrumentar acciones ante grandes epidemias, como es el dengue y el Covid, que demuestran que es indispensable generar una verdadera inversi\u00f3n en salud p\u00fablica para poder resguardar y salvar vidas\u00bb, se\u00f1alaron.<br \/>\nLas demandas punto por punto<br \/>\nFalta de recurso humano necesario, enfermer\u00eda, m\u00e9dicos, choferes y personal de limpieza. Regularizaci\u00f3n del personal precarizado que presta real y efectivo servicio en los establecimientos sanitarios. Pago de las bonificaciones adeudadas conforme acuerdo con UPCP. Regreso de la Uccem a la \u00f3rbita de Salud P\u00fablica. Dejar sin efecto resoluci\u00f3n conjunta de los ministerios de Seguridad y Justicia y de Salud P\u00fablica. Cese inmediato de la violencia y maltrato laboral, traslados compulsivos y afectaci\u00f3n del personal esencial, perjudicando el normal funcionamiento del establecimiento sanitario. Seguridad en los servicios de salud. Provisi\u00f3n contin\u00faa de insumos y medicamentos. Mejoramiento, reformas y adecuaci\u00f3n edilicia, acorde a las demandas. Conclusi\u00f3n de obras vitales en Hospitales, APS, Rehabilitaci\u00f3n (Hospital Perrando). Equipamiento inform\u00e1tico en cantidad y calidad necesaria. Provisi\u00f3n de elementos de trabajo, fotocopiadoras, impresoras. Aires acondicionados necesarios. Asignaci\u00f3n de ambulancias a cada instituci\u00f3n sanitaria. Transferir  al personal  que cumple funciones con programas de Renta M\u00ednima y M\u00e1s Inclusi\u00f3n al Ministerio de Salud P\u00fablica como personal transitorio con contrato de servicio, Programa Experto o su equivalente. Modificaci\u00f3n de la estructura de los establecimientos sanitarios-mantener el cargo de supervisor y dejar sin efecto el cargo de coordinador. *Se deje sin efecto el decreto 28\/23 por reapertura negociaci\u00f3n colectiva de la administraci\u00f3n p\u00fablica provincial \u2013 resoluci\u00f3n 99\/20 de la Direcci\u00f3n Provincial del Trabajo. Peticiona convocatoria inmediata de la Comisi\u00f3n Negociadora Central.<\/p>\n","protected":false},"excerpt":{"rendered":"<p>A tres d\u00edas de la segunda reuni\u00f3n de la Comisi\u00f3n de Pol\u00edtica Salarial y Condiciones de Trabajo entre el Gobierno y sindicatos estatales, la Uni\u00f3n del Personal Civil de la Provincia (UPCP) convoc\u00f3 a un paro sectorial por 48 horas, en Salud P\u00fablica, que deb\u00eda cumplirse a partir de ayer. Sin embargo, el llamado a [&hellip;]<\/p>\n","protected":false},"author":1,"featured_media":19390,"comment_status":"closed","ping_status":"closed","sticky":false,"template":"","format":"standard","meta":{"footnotes":""},"categories":[6],"tags":[],"class_list":{"0":"post-19389","1":"post","2":"type-post","3":"status-publish","4":"format-standard","5":"has-post-thumbnail","7":"category-chaco"},"_links":{"self":[{"href":"https:\/\/chacosintesis.com.ar\/index.php\/wp-json\/wp\/v2\/posts\/19389","targetHints":{"allow":["GET"]}}],"collection":[{"href":"https:\/\/chacosintesis.com.ar\/index.php\/wp-json\/wp\/v2\/posts"}],"about":[{"href":"https:\/\/chacosintesis.com.ar\/index.php\/wp-json\/wp\/v2\/types\/post"}],"author":[{"embeddable":true,"href":"https:\/\/chacosintesis.com.ar\/index.php\/wp-json\/wp\/v2\/users\/1"}],"replies":[{"embeddable":true,"href":"https:\/\/chacosintesis.com.ar\/index.php\/wp-json\/wp\/v2\/comments?post=19389"}],"version-history":[{"count":0,"href":"https:\/\/chacosintesis.com.ar\/index.php\/wp-json\/wp\/v2\/posts\/19389\/revisions"}],"wp:featuredmedia":[{"embeddable":true,"href":"https:\/\/chacosintesis.com.ar\/index.php\/wp-json\/wp\/v2\/media\/19390"}],"wp:attachment":[{"href":"https:\/\/chacosintesis.com.ar\/index.php\/wp-json\/wp\/v2\/media?parent=19389"}],"wp:term":[{"taxonomy":"category","embeddable":true,"href":"https:\/\/chacosintesis.com.ar\/index.php\/wp-json\/wp\/v2\/categories?post=19389"},{"taxonomy":"post_tag","embeddable":true,"href":"https:\/\/chacosintesis.com.ar\/index.php\/wp-json\/wp\/v2\/tags?post=19389"}],"curies":[{"name":"wp","href":"https:\/\/api.w.org\/{rel}","templated":true}]}}