{"id":19361,"date":"2023-03-02T17:56:08","date_gmt":"2023-03-02T20:56:08","guid":{"rendered":"https:\/\/chacosintesis.com.ar\/?p=19361"},"modified":"2023-03-02T18:06:41","modified_gmt":"2023-03-02T21:06:41","slug":"los-frentones-joven-de-22-anos-habria-sido-asesinado-a-tiros-por-un-companero-de-trabajo","status":"publish","type":"post","link":"https:\/\/chacosintesis.com.ar\/index.php\/los-frentones-joven-de-22-anos-habria-sido-asesinado-a-tiros-por-un-companero-de-trabajo\/","title":{"rendered":"Los Frentones: Joven de 22 a\u00f1os habr\u00eda sido asesinado a tiros por un compa\u00f1ero de trabajo"},"content":{"rendered":"<p>Sobre el caso de homicidio en la zona rural de Los Frentones ampliaron la informaci\u00f3n al respecto. La polic\u00eda arrib\u00f3 al lugar en un campo ubicado sobre el camino Juana Azurduy, distante 125 km. aproximadamente hacia el norte del casco c\u00e9ntrico.<br \/>\nEl campo es alquilado por A.E.H., de 54 a\u00f1os. Los uniformados encontraron en el suelo una persona sexo masculino en posici\u00f3n c\u00fabito dorsal, quien fue identificado como \u00c1ngel Anahel Barrios de 22 a\u00f1os, Domiciliado en Planta Urbana Rio Muerto.<br \/>\nEl mismo fue examinado por una Enfermera qui\u00e9n estableci\u00f3 que el joven se encontraba sin signos vitales, presentando heridas compatibles con disparo arma de fuego, en parte posterior cabeza y otro en espalda lado derecho.<br \/>\nLa polic\u00eda pudo saber conforme a averiguaciones realizadas que el hecho ocurri\u00f3 entre las 07:00 y 07:30 y que el presunto autor ser\u00eda E.C. domiciliado en Pampa del Infierno, quien luego de cometer el hecho habr\u00eda huido del lugar con el arma utilizada.<br \/>\nAdem\u00e1s se supo que ambos (Barrios. y C. ) se hallaban trabajando en dicho lugar. Procedieron al traslado del cuerpo a la Morgue Judicial de la Ciudad de Pcia. Roque S\u00e1enz Pe\u00f1a conforme disposici\u00f3n fiscal actuante.<\/p>\n","protected":false},"excerpt":{"rendered":"<p>Sobre el caso de homicidio en la zona rural de Los Frentones ampliaron la informaci\u00f3n al respecto. La polic\u00eda arrib\u00f3 al lugar en un campo ubicado sobre el camino Juana Azurduy, distante 125 km. aproximadamente hacia el norte del casco c\u00e9ntrico. El campo es alquilado por A.E.H., de 54 a\u00f1os. Los uniformados encontraron en el [&hellip;]<\/p>\n","protected":false},"author":1,"featured_media":19362,"comment_status":"closed","ping_status":"closed","sticky":false,"template":"","format":"standard","meta":{"footnotes":""},"categories":[6],"tags":[197],"class_list":{"0":"post-19361","1":"post","2":"type-post","3":"status-publish","4":"format-standard","5":"has-post-thumbnail","7":"category-chaco","8":"tag-destacada"},"_links":{"self":[{"href":"https:\/\/chacosintesis.com.ar\/index.php\/wp-json\/wp\/v2\/posts\/19361","targetHints":{"allow":["GET"]}}],"collection":[{"href":"https:\/\/chacosintesis.com.ar\/index.php\/wp-json\/wp\/v2\/posts"}],"about":[{"href":"https:\/\/chacosintesis.com.ar\/index.php\/wp-json\/wp\/v2\/types\/post"}],"author":[{"embeddable":true,"href":"https:\/\/chacosintesis.com.ar\/index.php\/wp-json\/wp\/v2\/users\/1"}],"replies":[{"embeddable":true,"href":"https:\/\/chacosintesis.com.ar\/index.php\/wp-json\/wp\/v2\/comments?post=19361"}],"version-history":[{"count":0,"href":"https:\/\/chacosintesis.com.ar\/index.php\/wp-json\/wp\/v2\/posts\/19361\/revisions"}],"wp:featuredmedia":[{"embeddable":true,"href":"https:\/\/chacosintesis.com.ar\/index.php\/wp-json\/wp\/v2\/media\/19362"}],"wp:attachment":[{"href":"https:\/\/chacosintesis.com.ar\/index.php\/wp-json\/wp\/v2\/media?parent=19361"}],"wp:term":[{"taxonomy":"category","embeddable":true,"href":"https:\/\/chacosintesis.com.ar\/index.php\/wp-json\/wp\/v2\/categories?post=19361"},{"taxonomy":"post_tag","embeddable":true,"href":"https:\/\/chacosintesis.com.ar\/index.php\/wp-json\/wp\/v2\/tags?post=19361"}],"curies":[{"name":"wp","href":"https:\/\/api.w.org\/{rel}","templated":true}]}}