{"id":19357,"date":"2023-03-02T17:10:00","date_gmt":"2023-03-02T20:10:00","guid":{"rendered":"https:\/\/chacosintesis.com.ar\/?p=19357"},"modified":"2023-03-02T17:36:55","modified_gmt":"2023-03-02T20:36:55","slug":"suspension-de-las-paso-en-chaco-la-oposicion-pide-a-la-justicia-que-intime-al-poder-legislativo-a-que-presente-informe","status":"publish","type":"post","link":"https:\/\/chacosintesis.com.ar\/index.php\/suspension-de-las-paso-en-chaco-la-oposicion-pide-a-la-justicia-que-intime-al-poder-legislativo-a-que-presente-informe\/","title":{"rendered":"Suspensi\u00f3n de las PASO en Chaco: la oposici\u00f3n pide a la Justicia que intime al Poder Legislativo a que presente informe"},"content":{"rendered":"<p>Mediante recurso presentado ante el Superior Tribunal de Justicia de la provincia, legisladores que componen la Comisi\u00f3n de Asuntos Constitucionales, solicitaron a la justicia que se intime, bajo apercibimiento de sanciones, a la presidencia de la C\u00e1mara de Diputados de la provincia a presentar documentaci\u00f3n parlamentaria vinculada a la sesi\u00f3n del pasado 07 de diciembre de 2022 donde, en forma irregular, se aprobaron las leyes de suspensi\u00f3n de elecciones PASO e implementaci\u00f3n de listas colectoras.<br \/>\nEl presidente de la mencionada comisi\u00f3n, Dr. Gustavo Corradi remarc\u00f3 \u201cLa falta de cumplimiento por parte de la presidencia de la Legislatura provincial del Oficio N\u00b0 4\/23, librado en fecha 10\/02\/2022 y la falta de contestaci\u00f3n en tiempo y forma trat\u00e1ndose de informaci\u00f3n relevante que obligatoriamente debe obrar en los registros judiciales, ante la omisi\u00f3n y dilaci\u00f3n injustificada, solicitamos se intime bajo apercibimiento, y en caso de incumplimiento se apliquen sanciones conminatorias ejemplares tendientes a quebrantar la reticencia injustificada\u201d<br \/>\n \u201cDe nuestra parte como integrantes de la Comisi\u00f3n de Asuntos Constitucionales hemos aportado toda la documentaci\u00f3n pertinente, pero la Legislatura debe informar puntos requeridos por el Superior Tribunal y a\u00fan no lo hace, es inaceptable que un Poder del Estado caiga en un incumplimiento de estas caracter\u00edsticas, en este contexto es que hemos decidido accionar porque entendemos que esta conducta configura un avasallamiento institucional y ocasiona un grave perjuicio al derecho ciudadano\u201d.<br \/>\n\u201cSin perjuicio de ello, y teniendo presente la proximidad de las elecciones y que el transcurso del tiempo favorece la pasividad e inactividad injustificada de la C\u00e1mara de Diputados, hemos formulado un planteo acompa\u00f1ando documentaci\u00f3n relevante y que entendemos conducente,  y que demuestran la ilegalidad, nulidad e inconstitucionalidad del procedimiento de sanci\u00f3n de las leyes de suspensi\u00f3n de las elecciones PASO e implementaci\u00f3n de listas colectoras para que el Superior Tribunal resuelva dictando sentencia\u201d<br \/>\nFinalmente se\u00f1al\u00f3 \u201cEntendemos que existe inter\u00e9s jur\u00eddico en todos los actores del proceso electoral y claramente un inter\u00e9s p\u00fablico en la determinaci\u00f3n de la normativa que regir\u00e1 el mismo, por cuanto debe llevarse a cabo con REGLAS QUE DEBEN SER CLARAS Y CONSTITUYEN EL \u00daNICO REPARO Y LA \u00daNICA LIMITACI\u00d3N PARA INTENTAR UN PROCESO QUE EFECTIVAMENTE REALICE Y CONSAGRE LA LIBRE Y SOBERANA VOLUNTAD DEL PUEBLO, lo que en modo alguno se compadece con la sanci\u00f3n de leyes inconstitucionales en oposici\u00f3n con el procedimiento de formaci\u00f3n y sanci\u00f3n establecido en los arts. 116 y 117 segundo p\u00e1rrafo de la Constituci\u00f3n Provincial y con el Reglamento Interno del cuerpo\u201d.<\/p>\n","protected":false},"excerpt":{"rendered":"<p>Mediante recurso presentado ante el Superior Tribunal de Justicia de la provincia, legisladores que componen la Comisi\u00f3n de Asuntos Constitucionales, solicitaron a la justicia que se intime, bajo apercibimiento de sanciones, a la presidencia de la C\u00e1mara de Diputados de la provincia a presentar documentaci\u00f3n parlamentaria vinculada a la sesi\u00f3n del pasado 07 de diciembre [&hellip;]<\/p>\n","protected":false},"author":1,"featured_media":19358,"comment_status":"closed","ping_status":"closed","sticky":false,"template":"","format":"standard","meta":{"footnotes":""},"categories":[6],"tags":[],"class_list":{"0":"post-19357","1":"post","2":"type-post","3":"status-publish","4":"format-standard","5":"has-post-thumbnail","7":"category-chaco"},"_links":{"self":[{"href":"https:\/\/chacosintesis.com.ar\/index.php\/wp-json\/wp\/v2\/posts\/19357","targetHints":{"allow":["GET"]}}],"collection":[{"href":"https:\/\/chacosintesis.com.ar\/index.php\/wp-json\/wp\/v2\/posts"}],"about":[{"href":"https:\/\/chacosintesis.com.ar\/index.php\/wp-json\/wp\/v2\/types\/post"}],"author":[{"embeddable":true,"href":"https:\/\/chacosintesis.com.ar\/index.php\/wp-json\/wp\/v2\/users\/1"}],"replies":[{"embeddable":true,"href":"https:\/\/chacosintesis.com.ar\/index.php\/wp-json\/wp\/v2\/comments?post=19357"}],"version-history":[{"count":0,"href":"https:\/\/chacosintesis.com.ar\/index.php\/wp-json\/wp\/v2\/posts\/19357\/revisions"}],"wp:featuredmedia":[{"embeddable":true,"href":"https:\/\/chacosintesis.com.ar\/index.php\/wp-json\/wp\/v2\/media\/19358"}],"wp:attachment":[{"href":"https:\/\/chacosintesis.com.ar\/index.php\/wp-json\/wp\/v2\/media?parent=19357"}],"wp:term":[{"taxonomy":"category","embeddable":true,"href":"https:\/\/chacosintesis.com.ar\/index.php\/wp-json\/wp\/v2\/categories?post=19357"},{"taxonomy":"post_tag","embeddable":true,"href":"https:\/\/chacosintesis.com.ar\/index.php\/wp-json\/wp\/v2\/tags?post=19357"}],"curies":[{"name":"wp","href":"https:\/\/api.w.org\/{rel}","templated":true}]}}