{"id":19352,"date":"2023-03-02T09:22:08","date_gmt":"2023-03-02T12:22:08","guid":{"rendered":"https:\/\/chacosintesis.com.ar\/?p=19352"},"modified":"2023-03-02T09:36:55","modified_gmt":"2023-03-02T12:36:55","slug":"presto-un-tractor-y-no-querian-devolverselo-la-policia-lo-recupero","status":"publish","type":"post","link":"https:\/\/chacosintesis.com.ar\/index.php\/presto-un-tractor-y-no-querian-devolverselo-la-policia-lo-recupero\/","title":{"rendered":"Prest\u00f3 un tractor y no quer\u00edan devolv\u00e9rselo: La polic\u00eda lo recuper\u00f3"},"content":{"rendered":"<p>Ayer por la tarde, efectivos policiales secuestraron la maquinaria en zona rural de San Bernardo, en una causa por \u201cSupuesta Retenci\u00f3n Indebida\u201d.<br \/>\nCerca de las 18, los agentes intervinieron en este hecho en base a la denuncia realizada por un hombre de 52 a\u00f1os, quien manifest\u00f3 que prest\u00f3 un tractor Fiat 700 a\u00f1o 1973 color naranja a un amigo.<br \/>\nLos investigadores pudieron saber que este \u00faltimo se comprometi\u00f3 a poner en funcionamiento el veh\u00edculo para realizar trabajos con la posibilidad de compr\u00e1rselo, pero le solicit\u00f3 la devoluci\u00f3n en reiteradas ocasiones y el mismo no acced\u00eda.<br \/>\nEs por ello que los efectivos realizaron la correspondiente investigaci\u00f3n y establecieron que el tractor se encontraba en el Lote N\u00b0 10 de San Bernardo.<br \/>\nConforme a lo dispuesto por la Fiscal en Turno, los agentes procedieron al formal secuestro de la maquinaria para su posterior traslado a la unidad interviniente. Finalmente, el tractor fue devuelto a su due\u00f1o, previa acreditaci\u00f3n de propiedad y reconocimiento.<\/p>\n","protected":false},"excerpt":{"rendered":"<p>Ayer por la tarde, efectivos policiales secuestraron la maquinaria en zona rural de San Bernardo, en una causa por \u201cSupuesta Retenci\u00f3n Indebida\u201d. Cerca de las 18, los agentes intervinieron en este hecho en base a la denuncia realizada por un hombre de 52 a\u00f1os, quien manifest\u00f3 que prest\u00f3 un tractor Fiat 700 a\u00f1o 1973 color [&hellip;]<\/p>\n","protected":false},"author":1,"featured_media":19353,"comment_status":"closed","ping_status":"closed","sticky":false,"template":"","format":"standard","meta":{"footnotes":""},"categories":[6],"tags":[],"class_list":{"0":"post-19352","1":"post","2":"type-post","3":"status-publish","4":"format-standard","5":"has-post-thumbnail","7":"category-chaco"},"_links":{"self":[{"href":"https:\/\/chacosintesis.com.ar\/index.php\/wp-json\/wp\/v2\/posts\/19352","targetHints":{"allow":["GET"]}}],"collection":[{"href":"https:\/\/chacosintesis.com.ar\/index.php\/wp-json\/wp\/v2\/posts"}],"about":[{"href":"https:\/\/chacosintesis.com.ar\/index.php\/wp-json\/wp\/v2\/types\/post"}],"author":[{"embeddable":true,"href":"https:\/\/chacosintesis.com.ar\/index.php\/wp-json\/wp\/v2\/users\/1"}],"replies":[{"embeddable":true,"href":"https:\/\/chacosintesis.com.ar\/index.php\/wp-json\/wp\/v2\/comments?post=19352"}],"version-history":[{"count":0,"href":"https:\/\/chacosintesis.com.ar\/index.php\/wp-json\/wp\/v2\/posts\/19352\/revisions"}],"wp:featuredmedia":[{"embeddable":true,"href":"https:\/\/chacosintesis.com.ar\/index.php\/wp-json\/wp\/v2\/media\/19353"}],"wp:attachment":[{"href":"https:\/\/chacosintesis.com.ar\/index.php\/wp-json\/wp\/v2\/media?parent=19352"}],"wp:term":[{"taxonomy":"category","embeddable":true,"href":"https:\/\/chacosintesis.com.ar\/index.php\/wp-json\/wp\/v2\/categories?post=19352"},{"taxonomy":"post_tag","embeddable":true,"href":"https:\/\/chacosintesis.com.ar\/index.php\/wp-json\/wp\/v2\/tags?post=19352"}],"curies":[{"name":"wp","href":"https:\/\/api.w.org\/{rel}","templated":true}]}}