{"id":19344,"date":"2023-03-01T19:21:45","date_gmt":"2023-03-01T22:21:45","guid":{"rendered":"https:\/\/chacosintesis.com.ar\/?p=19344"},"modified":"2023-03-01T19:30:29","modified_gmt":"2023-03-01T22:30:29","slug":"peche-esperaba-que-capitanich-se-refiriera-al-atropello-institucional-perpetrado-en-la-casa-de-la-democracia","status":"publish","type":"post","link":"https:\/\/chacosintesis.com.ar\/index.php\/peche-esperaba-que-capitanich-se-refiriera-al-atropello-institucional-perpetrado-en-la-casa-de-la-democracia\/","title":{"rendered":"Peche: &#8220;Esperaba que Capitanich se refiriera al atropello institucional perpetrado en la casa de la democracia&#8221;"},"content":{"rendered":"<p>Finalizado el discurso de apertura del 55\u00b0 per\u00edodo de sesiones ordinarias de la C\u00e1mara de Diputados del Chaco, el presidente del interbloque de diputados de la UCR, Carim Peche, hizo un an\u00e1lisis del discurso ofrecido por el primer mandatario provincial.<br \/>\nPeche se\u00f1al\u00f3 \u201cEl gobernador Capitanich habl\u00f3 de la calidad institucional como uno de los mayores logros de su gesti\u00f3n, en ese contexto sinceramente esperaba que condenara el atropello institucional perpetrado en diciembre del a\u00f1o pasado en esta Legislatura cuando, de manera absolutamente irregular, violando el reglamento interno, las leyes y la propia Constituci\u00f3n, se votaron la suspensi\u00f3n de las elecciones PASO y la implementaci\u00f3n del sistema de candidaturas m\u00faltiples, oportunamente no vet\u00f3 las leyes, y hoy tampoco se hizo eco de tremenda ilegitimidad\u201d<br \/>\nTarifas<br \/>\nRespecto del anuncio efectuado por el gobernador de dejar sin efecto el nuevo aumento en las tarifas de Secheep, Peche expres\u00f3 \u201cCelebro que nos haya escuchado, se lo ped\u00ed p\u00fablicamente, tambi\u00e9n solicit\u00e9 la intervenci\u00f3n del defensor del pueblo para suspender la audiencia porque la situaci\u00f3n econ\u00f3mica y social es cr\u00edtica, las familias no pueden hacer frente a m\u00e1s tarifazos, espero que hagan lo propio con las tarifas de Sameep\u201d<br \/>\nPiquetes<br \/>\nPeche dedic\u00f3 un p\u00e1rrafo aparte al tema de corte de calles y rutas \u201cPretenden transferir responsabilidades, pidi\u00f3 que entre todos busquemos una soluci\u00f3n cuando es el Poder Ejecutivo quien tiene que impartir orden, ni el Legislativo ni el judicial, hay un Ministerio de Seguridad que tiene la facultad de actuar para garantizar la seguridad ciudadana y libre circulaci\u00f3n y no lo hace\u201d<br \/>\nRespecto de otros temas desarrollados por el gobernador se\u00f1al\u00f3 \u201cSiguen hablando de salud de calidad cuando el propio gobernador reconoci\u00f3 que faltan 500 m\u00e9dicos en Chaco, nada mejor para ejemplificar el estado de la salud p\u00fablica que el reciente incidente que lamentablemente le toc\u00f3 vivir a la ministra de Salud de la provincia, tuvo que ser derivada a Corrientes porque en Chaco no se le pod\u00eda dar la atenci\u00f3n que requer\u00eda\u201d.<br \/>\nLejos de la gente<br \/>\nFinalmente reflexion\u00f3 \u201cLo veo m\u00e1s preocupado y ocupado en atender cuestiones que no son prioritarias para los chaque\u00f1os, lejos de la gente, hoy los ciudadanos necesitan que se ponga freno a la inflaci\u00f3n, que se bajen impuestos, bajar el precio de los alimentos, de los medicamentos, del combustible, poder circular libremente por calles y rutas,  seguridad, energ\u00eda, agua potable, incentivos para el sector productivo, comercios, industrias, pymes, emprendedores, reglas claras que permitan tener previsibilidad y rentabilidad, siguen prometiendo las mismas cosas que hace 15 a\u00f1os a 10 meses de dejar el gobierno\u201d<\/p>\n","protected":false},"excerpt":{"rendered":"<p>Finalizado el discurso de apertura del 55\u00b0 per\u00edodo de sesiones ordinarias de la C\u00e1mara de Diputados del Chaco, el presidente del interbloque de diputados de la UCR, Carim Peche, hizo un an\u00e1lisis del discurso ofrecido por el primer mandatario provincial. Peche se\u00f1al\u00f3 \u201cEl gobernador Capitanich habl\u00f3 de la calidad institucional como uno de los mayores [&hellip;]<\/p>\n","protected":false},"author":1,"featured_media":19345,"comment_status":"closed","ping_status":"closed","sticky":false,"template":"","format":"standard","meta":{"footnotes":""},"categories":[6],"tags":[],"class_list":{"0":"post-19344","1":"post","2":"type-post","3":"status-publish","4":"format-standard","5":"has-post-thumbnail","7":"category-chaco"},"_links":{"self":[{"href":"https:\/\/chacosintesis.com.ar\/index.php\/wp-json\/wp\/v2\/posts\/19344","targetHints":{"allow":["GET"]}}],"collection":[{"href":"https:\/\/chacosintesis.com.ar\/index.php\/wp-json\/wp\/v2\/posts"}],"about":[{"href":"https:\/\/chacosintesis.com.ar\/index.php\/wp-json\/wp\/v2\/types\/post"}],"author":[{"embeddable":true,"href":"https:\/\/chacosintesis.com.ar\/index.php\/wp-json\/wp\/v2\/users\/1"}],"replies":[{"embeddable":true,"href":"https:\/\/chacosintesis.com.ar\/index.php\/wp-json\/wp\/v2\/comments?post=19344"}],"version-history":[{"count":0,"href":"https:\/\/chacosintesis.com.ar\/index.php\/wp-json\/wp\/v2\/posts\/19344\/revisions"}],"wp:featuredmedia":[{"embeddable":true,"href":"https:\/\/chacosintesis.com.ar\/index.php\/wp-json\/wp\/v2\/media\/19345"}],"wp:attachment":[{"href":"https:\/\/chacosintesis.com.ar\/index.php\/wp-json\/wp\/v2\/media?parent=19344"}],"wp:term":[{"taxonomy":"category","embeddable":true,"href":"https:\/\/chacosintesis.com.ar\/index.php\/wp-json\/wp\/v2\/categories?post=19344"},{"taxonomy":"post_tag","embeddable":true,"href":"https:\/\/chacosintesis.com.ar\/index.php\/wp-json\/wp\/v2\/tags?post=19344"}],"curies":[{"name":"wp","href":"https:\/\/api.w.org\/{rel}","templated":true}]}}