{"id":19340,"date":"2023-03-01T19:16:36","date_gmt":"2023-03-01T22:16:36","guid":{"rendered":"https:\/\/chacosintesis.com.ar\/?p=19340"},"modified":"2023-03-01T19:30:28","modified_gmt":"2023-03-01T22:30:28","slug":"cuesta-convoco-a-todas-las-fuerzas-politicas-a-trabajar-por-el-bien-de-las-y-los-chaquenos","status":"publish","type":"post","link":"https:\/\/chacosintesis.com.ar\/index.php\/cuesta-convoco-a-todas-las-fuerzas-politicas-a-trabajar-por-el-bien-de-las-y-los-chaquenos\/","title":{"rendered":"Cuesta convoc\u00f3 a todas las fuerzas pol\u00edticas a trabajar por el bien de las y los chaque\u00f1os"},"content":{"rendered":"<p>En el marco de la apertura del inicio del 55\u00b0 per\u00edodo de sesiones ordinarias del Poder Legislativo y tras escuchar el discurso del gobernador Jorge Capitanich, la presidenta Elida Cuesta convoc\u00f3 a todas las fuerzas pol\u00edticas que componen la Casa de la Democracia a trabajar en conjunto para dar respuestas a las demandas de las y los chaque\u00f1os tendiendo lazos de cercan\u00eda con el pueblo.<br \/>\n\u201cLa sociedad nos demanda respuestas a sus problemas y nosotros, como representantes del pueblo, tenemos la obligaci\u00f3n de escuchar y trabajar para todas y todos dejando de lado las diferencias pol\u00edticas, sin perder la sensibilidad\u201d, manifest\u00f3.<br \/>\nEn cuanto al mensaje del mandatario chaque\u00f1o, la titular legislativa se comprometi\u00f3 a trabajar incansablemente para lograr los consensos necesarios. \u201cEl gobernador plante\u00f3 un plan de trabajo de diversos puntos con un ambicioso plan de obras p\u00fablicas que, de concretarse, mejorar\u00edan la vida de las y los chaque\u00f1os, por eso desde nuestro lugar vamos a acompa\u00f1ar trabajando para lograr los consensos necesarios y mejorar juntos la vida de la gente\u201d, asegur\u00f3 la presidenta.<br \/>\nEn este sentido, destac\u00f3 tambi\u00e9n la autocr\u00edtica y el llamado al trabajo en conjunto realizado por el mandatario chaque\u00f1o. \u201cEs bueno destacar todo lo que se hizo en materia de infraestructura, educaci\u00f3n, salarios y seguridad, pero tambi\u00e9n es positivo que se reconozca lo que falta por hacer y el llamado a todas las fuerzas pol\u00edticas, como a todas y todos los chaque\u00f1os, a trabajar juntos por lo que falta\u201d, remarc\u00f3.<br \/>\nFundamental mantener la cercan\u00eda y la sensibilidad<br \/>\nCuesta reiter\u00f3 que el Poder Legislativo tiene una agenda propia de trabajo que se basa en recorrer cada rinc\u00f3n de la provincia para atender de primera mano las demandas del pueblo. \u201cSabemos que este es un a\u00f1o complejo, como todo a\u00f1o electoral, pero conf\u00edo en la buena voluntad de todas y todos los legisladores que componen este Poder para no perder la pol\u00edtica de Estado de salir al interior provincial para mantener la cercan\u00eda con nuestro pueblo y la sensibilidad con cada problem\u00e1tica\u201d, asever\u00f3.<br \/>\nAsimismo, resalt\u00f3 las pol\u00edticas de Estado de las provincias del Norte Grande y manifest\u00f3 que siempre que se convoc\u00f3 y escuch\u00f3 a las y los legisladores estos acompa\u00f1aron. \u201cSiempre que fuimos convocados a trabajar por las y los chaque\u00f1os desde el Poder Legislativo acompa\u00f1amos, como lo hicimos en el Parlamento del Norte Grande, donde dejamos de lado las diferencias pol\u00edticas para trabajar en pos del desarrollo de la provincia y la regi\u00f3n\u201d, concluy\u00f3 la legisladora.<\/p>\n","protected":false},"excerpt":{"rendered":"<p>En el marco de la apertura del inicio del 55\u00b0 per\u00edodo de sesiones ordinarias del Poder Legislativo y tras escuchar el discurso del gobernador Jorge Capitanich, la presidenta Elida Cuesta convoc\u00f3 a todas las fuerzas pol\u00edticas que componen la Casa de la Democracia a trabajar en conjunto para dar respuestas a las demandas de las [&hellip;]<\/p>\n","protected":false},"author":1,"featured_media":19341,"comment_status":"closed","ping_status":"closed","sticky":false,"template":"","format":"standard","meta":{"footnotes":""},"categories":[6],"tags":[],"class_list":{"0":"post-19340","1":"post","2":"type-post","3":"status-publish","4":"format-standard","5":"has-post-thumbnail","7":"category-chaco"},"_links":{"self":[{"href":"https:\/\/chacosintesis.com.ar\/index.php\/wp-json\/wp\/v2\/posts\/19340","targetHints":{"allow":["GET"]}}],"collection":[{"href":"https:\/\/chacosintesis.com.ar\/index.php\/wp-json\/wp\/v2\/posts"}],"about":[{"href":"https:\/\/chacosintesis.com.ar\/index.php\/wp-json\/wp\/v2\/types\/post"}],"author":[{"embeddable":true,"href":"https:\/\/chacosintesis.com.ar\/index.php\/wp-json\/wp\/v2\/users\/1"}],"replies":[{"embeddable":true,"href":"https:\/\/chacosintesis.com.ar\/index.php\/wp-json\/wp\/v2\/comments?post=19340"}],"version-history":[{"count":0,"href":"https:\/\/chacosintesis.com.ar\/index.php\/wp-json\/wp\/v2\/posts\/19340\/revisions"}],"wp:featuredmedia":[{"embeddable":true,"href":"https:\/\/chacosintesis.com.ar\/index.php\/wp-json\/wp\/v2\/media\/19341"}],"wp:attachment":[{"href":"https:\/\/chacosintesis.com.ar\/index.php\/wp-json\/wp\/v2\/media?parent=19340"}],"wp:term":[{"taxonomy":"category","embeddable":true,"href":"https:\/\/chacosintesis.com.ar\/index.php\/wp-json\/wp\/v2\/categories?post=19340"},{"taxonomy":"post_tag","embeddable":true,"href":"https:\/\/chacosintesis.com.ar\/index.php\/wp-json\/wp\/v2\/tags?post=19340"}],"curies":[{"name":"wp","href":"https:\/\/api.w.org\/{rel}","templated":true}]}}