{"id":19338,"date":"2023-03-01T19:14:34","date_gmt":"2023-03-01T22:14:34","guid":{"rendered":"https:\/\/chacosintesis.com.ar\/?p=19338"},"modified":"2023-03-01T19:30:27","modified_gmt":"2023-03-01T22:30:27","slug":"el-relato-de-capitanich-se-volvio-insostenible","status":"publish","type":"post","link":"https:\/\/chacosintesis.com.ar\/index.php\/el-relato-de-capitanich-se-volvio-insostenible\/","title":{"rendered":"&#8220;El relato de Capitanich se volvi\u00f3 insostenible&#8221;"},"content":{"rendered":"<p>El farmac\u00e9utico, productor agropecuario y precandidato a gobernador del Chaco, Juan Carlos Polini analiz\u00f3 el discurso del gobernador Capitanich ante los diputados en un nuevo inicio de sesiones ordinarias: \u201cEst\u00e1 claro que el relato se volvi\u00f3 insostenible, no es bueno que en su \u00faltimo discurso contin\u00fae prometiendo todo lo que no hizo durante estos a\u00f1os de gesti\u00f3n\u201d.<br \/>\n\u201cLo escucho justificar la mala administraci\u00f3n con la pandemia y me genera mucha tristeza por el dolor que esto signific\u00f3 para la ciudadan\u00eda, creo que el sinceramiento del Estado es fundamental si queremos sanear la situaci\u00f3n, y el gobernador sigue adornando con palabras bonitas los problemas cotidianos de la gente, de todas maneras resalt\u00f3 que en el final de su mandato al menos logr\u00f3 entender que no puede solo y tuvo el gesto de pedir ayuda\u201d.<br \/>\n\u201cEl discurso es relato, historia mal contada, no escuch\u00e9 una sola propuesta para el campo que es el sector productivo m\u00e1s grande que tiene nuestra provincia, no podemos excluir a los indispensables en un plan de gobierno, sigue hablando de inversiones, crecimiento y fortalecimiento del Estado pero no explica c\u00f3mo lo va a hacer, por el contrario, reconoce que es aguda la pobreza en el Chaco, lo not\u00e9 muy inc\u00f3modo\u201d.<br \/>\n\u201cEsa convocatoria a la oposici\u00f3n que reiter\u00f3 en nombre de la democracia en realidad es el resultado de verse superado por la coyuntura, lo dijo \u00e9l mismo: \u201cEs insuficiente lo que hacemos\u201d. Me quedo con lo positivo, con lo realizado, pero me parece una burla que celebre que en setenta a\u00f1os s\u00f3lo existan 3000 kil\u00f3metros de ruta pavimentada, o que nos resalte que hay aulas c\u00f3modas y agua potable para todos cuando (sobre todo los ciudadanos del interior) sabemos que no es as\u00ed, hace meses que en la provincia estamos consumiendo agua turbia, hay cientos de ni\u00f1os a los que se les dificulta volver a clases porque sus padres no pueden garantizarles los \u00fatiles m\u00ednimos e indispensables. Sinceramente me gustar\u00eda vivir en el Chaco que Capitanich conoce, pero a los que andamos en la calle y hablamos con los vecinos, la realidad se nos plantea totalmente diferente. As\u00ed como \u00e9l invit\u00f3 a la oposici\u00f3n a trabajar, me parece una buena ocasi\u00f3n para volver a invitarlo a salir a caminar. No tan lejos, a 200 metros a la redonda de Casa de Gobierno ya va a poder darse una inmersi\u00f3n de realidad, ojal\u00e1 lo haga\u201d.<br \/>\n\u201cHoy qued\u00f3 demostrada una vez m\u00e1s su negaci\u00f3n ante la realidad: habla de m\u00ednimos delitos, de puestos de trabajo, de renegociaci\u00f3n de deuda y de crecimiento como si a la sociedad no le afectar\u00e1n la inseguridad, el desempleo, la inflaci\u00f3n o la disminuci\u00f3n de poder adquisitivo. En realidad, lo \u00fanico que parece preocupar es continuar garantizando la comodidad, por ello insiste en reformar leyes y la constituci\u00f3n a su gusto. Que tenga la certeza de que desde la oposici\u00f3n podemos escuchar y debatir todo, pero nuestra principal funci\u00f3n es defender al pueblo del Chaco de la demagogia y el autoritarismo\u201d.<br \/>\nConsultado acerca de la referencia del gobernador a los piquetes, acot\u00f3: \u201ces indispensable que se haga cargo no solamente desde el discurso. Ese es el resultado de todos estos a\u00f1os de complacer y ceder ante las presiones de sus amigos: estos sectores se adue\u00f1aron de las calles y la gente que quiere transitar no es libre de hacerlo, est\u00e1 m\u00e1s que justificado el hartazgo de la ciudadan\u00eda. Tiene que ocuparse de combatir la violencia y recuperar el orden y la paz social, pero para eso se necesita coraje y voluntad pol\u00edtica\u201d; cerr\u00f3.<\/p>\n","protected":false},"excerpt":{"rendered":"<p>El farmac\u00e9utico, productor agropecuario y precandidato a gobernador del Chaco, Juan Carlos Polini analiz\u00f3 el discurso del gobernador Capitanich ante los diputados en un nuevo inicio de sesiones ordinarias: \u201cEst\u00e1 claro que el relato se volvi\u00f3 insostenible, no es bueno que en su \u00faltimo discurso contin\u00fae prometiendo todo lo que no hizo durante estos a\u00f1os [&hellip;]<\/p>\n","protected":false},"author":1,"featured_media":19339,"comment_status":"closed","ping_status":"closed","sticky":false,"template":"","format":"standard","meta":{"footnotes":""},"categories":[6],"tags":[],"class_list":{"0":"post-19338","1":"post","2":"type-post","3":"status-publish","4":"format-standard","5":"has-post-thumbnail","7":"category-chaco"},"_links":{"self":[{"href":"https:\/\/chacosintesis.com.ar\/index.php\/wp-json\/wp\/v2\/posts\/19338","targetHints":{"allow":["GET"]}}],"collection":[{"href":"https:\/\/chacosintesis.com.ar\/index.php\/wp-json\/wp\/v2\/posts"}],"about":[{"href":"https:\/\/chacosintesis.com.ar\/index.php\/wp-json\/wp\/v2\/types\/post"}],"author":[{"embeddable":true,"href":"https:\/\/chacosintesis.com.ar\/index.php\/wp-json\/wp\/v2\/users\/1"}],"replies":[{"embeddable":true,"href":"https:\/\/chacosintesis.com.ar\/index.php\/wp-json\/wp\/v2\/comments?post=19338"}],"version-history":[{"count":0,"href":"https:\/\/chacosintesis.com.ar\/index.php\/wp-json\/wp\/v2\/posts\/19338\/revisions"}],"wp:featuredmedia":[{"embeddable":true,"href":"https:\/\/chacosintesis.com.ar\/index.php\/wp-json\/wp\/v2\/media\/19339"}],"wp:attachment":[{"href":"https:\/\/chacosintesis.com.ar\/index.php\/wp-json\/wp\/v2\/media?parent=19338"}],"wp:term":[{"taxonomy":"category","embeddable":true,"href":"https:\/\/chacosintesis.com.ar\/index.php\/wp-json\/wp\/v2\/categories?post=19338"},{"taxonomy":"post_tag","embeddable":true,"href":"https:\/\/chacosintesis.com.ar\/index.php\/wp-json\/wp\/v2\/tags?post=19338"}],"curies":[{"name":"wp","href":"https:\/\/api.w.org\/{rel}","templated":true}]}}