{"id":19336,"date":"2023-03-01T19:12:32","date_gmt":"2023-03-01T22:12:32","guid":{"rendered":"https:\/\/chacosintesis.com.ar\/?p=19336"},"modified":"2023-03-01T19:30:27","modified_gmt":"2023-03-01T22:30:27","slug":"lo-que-dijo-capitanich-en-la-apertura-del-periodo-de-sesiones-ordinarias-de-la-legislatura-provincial","status":"publish","type":"post","link":"https:\/\/chacosintesis.com.ar\/index.php\/lo-que-dijo-capitanich-en-la-apertura-del-periodo-de-sesiones-ordinarias-de-la-legislatura-provincial\/","title":{"rendered":"Lo que dijo Capitanich en la apertura del per\u00edodo de sesiones ordinarias de la Legislatura provincial"},"content":{"rendered":"<p>El gobernador abri\u00f3 el per\u00edodo ordinario de deliberaciones del Parlamento. Repas\u00f3 los trabajos de infraestructura durante sus tres mandatos, dijo que no aplicar\u00e1 la suba de la energ\u00eda el\u00e9ctrica, convoc\u00f3 a la oposici\u00f3n a acuerdos para sancionar una nueva Carta Magna.<\/p>\n<p>El gobernador Jorge Capitanich inici\u00f3 en la ma\u00f1ana de este martes el per\u00edodo de sesiones ordinarias de la Legislatura provincial con el habitual discurso en el que, al tratarse del \u00faltimo en lo que es su tercera gesti\u00f3n al frente del Ejecutivo, detall\u00f3 los trabajos de infraestructura durante sus mandatos. Adem\u00e1s, como puntos salientes renov\u00f3 el pedido de generar consensos primero para sancionar una reforma constitucional, se\u00f1al\u00f3 que no se avanzar\u00e1 con el aumento de la tarifa de la energ\u00eda el\u00e9ctrica que se solicit\u00f3 en la audiencia p\u00fablica de principios de febrero.<\/p>\n<p> &#8220;Inauguramos acueductos, no canillas&#8221;, en clara alusi\u00f3n a las cr\u00edticas recibidas durante la habilitaci\u00f3n de las obras en Charata e hizo hincapi\u00e9 que Chaco pas\u00f3 de contar con 2 ductos que transportan agua a tener 24 en la actualidad con lo que esto implica en materia de acceso a redes de agua potable.<\/p>\n<p> TARIFA EL\u00c9CTRICA<br \/>\nOtra cuesti\u00f3n importante es que la Provincia tom\u00f3 la determinaci\u00f3n de no avanzar con el aumento en la tarifa de la energ\u00eda el\u00e9ctrica dispuesta por Secheep, que hab\u00eda solicitado la suba de un 40 por ciento en promedio.<br \/>\nDestac\u00f3 que la empresa provincial redujo a trav\u00e9s de acuerdos con Naci\u00f3n la deuda que tiene con la proveedora Cammesa en unos 12.000 millones de pesos y que hoy Chaco mantiene un sostenido avance en la baja de ese pasivo porque abona de forma regular las compras de energ\u00eda.<br \/>\nNUEVA CARTA MAGNA<br \/>\nComo ocurriera en otras oportunidades pero esta vez apelando a la necesaria construcci\u00f3n de acuerdos fundamentalmente con la oposici\u00f3n, el mandatario inst\u00f3 a sancionar una ley que permita que el 17 de septiembre, d\u00eda en el cual se efectuar\u00e1n los comicios provinciales para cargos ejecutivos y municipales, tambi\u00e9n se vote a quienes integren a convencionales que aborden una reforma de la Constituci\u00f3n de Chaco.<\/p>\n<p>Entre los puntos que pretende reformar de la Carta Magna adelant\u00f3 que impulsar\u00e1 que el cargo de gobernador puede ejercerse solamente dos per\u00edodos (actualmente no se permite un tercero de forma consecutiva pero s\u00ed de forma salteada), la elecci\u00f3n de los jueces del Superior Tribunal de Justicia y de los miembros que integran los \u00f3rganos de rango constitucional por concursos de antecedentes y oposici\u00f3n (ya existe legislaci\u00f3n sobre los miembros de la Corte), la limitaci\u00f3n de los mandatos de los magistrados y funcionarios en un plazo de cinco a\u00f1os renovables por igual per\u00edodo y el juicio de residencia que ya se aplica para funcionarios del Ejecutivo.<\/p>\n<p> PIQUETES<br \/>\nEn el final de su discurso, indic\u00f3 que existe un &#8220;hartazgo social&#8221; respecto a las diarias interrupciones del tr\u00e1nsito y en tono de mea culpa expres\u00f3 que es &#8220;una asignatura pendiente&#8221; pero que se necesita de consensos para las soluciones porque es un asunto que supera a &#8220;todos independientemente quien gobierne&#8221;.<\/p>\n<p>&#8220;Con una cuota de humildad reconocemos que solo no podemos&#8221;, se sincer\u00f3 Capitanich a modo de exhortar a la Justicia y a la Legislatura a encontrar las propuestas y aplicarlas de modo tal de no cercenar ni el derecho a la protesta ni el de la libre circulaci\u00f3n.<\/p>\n<p>DIARIO NORTE.-<\/p>\n","protected":false},"excerpt":{"rendered":"<p>El gobernador abri\u00f3 el per\u00edodo ordinario de deliberaciones del Parlamento. Repas\u00f3 los trabajos de infraestructura durante sus tres mandatos, dijo que no aplicar\u00e1 la suba de la energ\u00eda el\u00e9ctrica, convoc\u00f3 a la oposici\u00f3n a acuerdos para sancionar una nueva Carta Magna. El gobernador Jorge Capitanich inici\u00f3 en la ma\u00f1ana de este martes el per\u00edodo de [&hellip;]<\/p>\n","protected":false},"author":1,"featured_media":19337,"comment_status":"closed","ping_status":"closed","sticky":false,"template":"","format":"standard","meta":{"footnotes":""},"categories":[6],"tags":[],"class_list":{"0":"post-19336","1":"post","2":"type-post","3":"status-publish","4":"format-standard","5":"has-post-thumbnail","7":"category-chaco"},"_links":{"self":[{"href":"https:\/\/chacosintesis.com.ar\/index.php\/wp-json\/wp\/v2\/posts\/19336","targetHints":{"allow":["GET"]}}],"collection":[{"href":"https:\/\/chacosintesis.com.ar\/index.php\/wp-json\/wp\/v2\/posts"}],"about":[{"href":"https:\/\/chacosintesis.com.ar\/index.php\/wp-json\/wp\/v2\/types\/post"}],"author":[{"embeddable":true,"href":"https:\/\/chacosintesis.com.ar\/index.php\/wp-json\/wp\/v2\/users\/1"}],"replies":[{"embeddable":true,"href":"https:\/\/chacosintesis.com.ar\/index.php\/wp-json\/wp\/v2\/comments?post=19336"}],"version-history":[{"count":0,"href":"https:\/\/chacosintesis.com.ar\/index.php\/wp-json\/wp\/v2\/posts\/19336\/revisions"}],"wp:featuredmedia":[{"embeddable":true,"href":"https:\/\/chacosintesis.com.ar\/index.php\/wp-json\/wp\/v2\/media\/19337"}],"wp:attachment":[{"href":"https:\/\/chacosintesis.com.ar\/index.php\/wp-json\/wp\/v2\/media?parent=19336"}],"wp:term":[{"taxonomy":"category","embeddable":true,"href":"https:\/\/chacosintesis.com.ar\/index.php\/wp-json\/wp\/v2\/categories?post=19336"},{"taxonomy":"post_tag","embeddable":true,"href":"https:\/\/chacosintesis.com.ar\/index.php\/wp-json\/wp\/v2\/tags?post=19336"}],"curies":[{"name":"wp","href":"https:\/\/api.w.org\/{rel}","templated":true}]}}