{"id":19331,"date":"2023-03-01T08:16:49","date_gmt":"2023-03-01T11:16:49","guid":{"rendered":"https:\/\/chacosintesis.com.ar\/?p=19331"},"modified":"2023-03-01T08:25:46","modified_gmt":"2023-03-01T11:25:46","slug":"arrancan-las-clases-mas-de-450-000-alumnos-vuelven-hoy-a-las-aulas-en-toda-la-provincia","status":"publish","type":"post","link":"https:\/\/chacosintesis.com.ar\/index.php\/arrancan-las-clases-mas-de-450-000-alumnos-vuelven-hoy-a-las-aulas-en-toda-la-provincia\/","title":{"rendered":"Arrancan las clases: m\u00e1s de 450.000 alumnos vuelven hoy a las aulas en toda la provincia"},"content":{"rendered":"<p>Hoy, m\u00e1s de 450.000 estudiantes chaque\u00f1os comenzar\u00e1n las clases en lo que ser\u00e1 el ciclo lectivo 2023.<\/p>\n<p>El gobernador Jorge Capitanich, junto con la vicegobernadora Anal\u00eda Rach Quiroga y el ministro de Educaci\u00f3n, Aldo Lineras, encabezar\u00e1 el acto oficial de inicio del Ciclo Lectivo 2023, en la Escuela Primaria 972 &#8220;Provincia del Chaco&#8221;, de Resistencia, donde adem\u00e1s se inaugurar\u00e1n refacciones.<br \/>\nAsimismo, en todas las instituciones chaque\u00f1as se desarrollar\u00e1n los actos respectivos para dar comienzo y la bienvenida a las clases a las y los estudiantes de los jardines de infantes, escuelas primarias y secundarias.<br \/>\nAl igual que el a\u00f1o pasado, los tres niveles educativos obligatorios comienzan juntos, con el objetivo de cumplir, a trav\u00e9s del trabajo de 57.000 docentes, los 190 d\u00edas de clases definidos por las 24 jurisdicciones del pa\u00eds en el marco del Consejo Federal de Educaci\u00f3n.<br \/>\nCabe recordar que hace una semana docentes, directivos, bibliotecarios, supervisores y personal administrativo ya se presentaron en cada una de sus instituciones para retomar las actividades, y que el jueves 24 y el viernes 25 de febrero participaron de las primeras jornadas institucionales, a fin de planificar el a\u00f1o escolar.<\/p>\n<p>DIARIO NORTE.-<\/p>\n","protected":false},"excerpt":{"rendered":"<p>Hoy, m\u00e1s de 450.000 estudiantes chaque\u00f1os comenzar\u00e1n las clases en lo que ser\u00e1 el ciclo lectivo 2023. El gobernador Jorge Capitanich, junto con la vicegobernadora Anal\u00eda Rach Quiroga y el ministro de Educaci\u00f3n, Aldo Lineras, encabezar\u00e1 el acto oficial de inicio del Ciclo Lectivo 2023, en la Escuela Primaria 972 &#8220;Provincia del Chaco&#8221;, de Resistencia, [&hellip;]<\/p>\n","protected":false},"author":1,"featured_media":19332,"comment_status":"closed","ping_status":"closed","sticky":false,"template":"","format":"standard","meta":{"footnotes":""},"categories":[6],"tags":[],"class_list":{"0":"post-19331","1":"post","2":"type-post","3":"status-publish","4":"format-standard","5":"has-post-thumbnail","7":"category-chaco"},"_links":{"self":[{"href":"https:\/\/chacosintesis.com.ar\/index.php\/wp-json\/wp\/v2\/posts\/19331","targetHints":{"allow":["GET"]}}],"collection":[{"href":"https:\/\/chacosintesis.com.ar\/index.php\/wp-json\/wp\/v2\/posts"}],"about":[{"href":"https:\/\/chacosintesis.com.ar\/index.php\/wp-json\/wp\/v2\/types\/post"}],"author":[{"embeddable":true,"href":"https:\/\/chacosintesis.com.ar\/index.php\/wp-json\/wp\/v2\/users\/1"}],"replies":[{"embeddable":true,"href":"https:\/\/chacosintesis.com.ar\/index.php\/wp-json\/wp\/v2\/comments?post=19331"}],"version-history":[{"count":0,"href":"https:\/\/chacosintesis.com.ar\/index.php\/wp-json\/wp\/v2\/posts\/19331\/revisions"}],"wp:featuredmedia":[{"embeddable":true,"href":"https:\/\/chacosintesis.com.ar\/index.php\/wp-json\/wp\/v2\/media\/19332"}],"wp:attachment":[{"href":"https:\/\/chacosintesis.com.ar\/index.php\/wp-json\/wp\/v2\/media?parent=19331"}],"wp:term":[{"taxonomy":"category","embeddable":true,"href":"https:\/\/chacosintesis.com.ar\/index.php\/wp-json\/wp\/v2\/categories?post=19331"},{"taxonomy":"post_tag","embeddable":true,"href":"https:\/\/chacosintesis.com.ar\/index.php\/wp-json\/wp\/v2\/tags?post=19331"}],"curies":[{"name":"wp","href":"https:\/\/api.w.org\/{rel}","templated":true}]}}