{"id":19318,"date":"2023-02-28T19:31:18","date_gmt":"2023-02-28T22:31:18","guid":{"rendered":"https:\/\/chacosintesis.com.ar\/?p=19318"},"modified":"2023-02-28T19:35:23","modified_gmt":"2023-02-28T22:35:23","slug":"polini-voy-a-bajar-las-tarifas-de-la-luz-eliminando-impuestos","status":"publish","type":"post","link":"https:\/\/chacosintesis.com.ar\/index.php\/polini-voy-a-bajar-las-tarifas-de-la-luz-eliminando-impuestos\/","title":{"rendered":"Polini: &#8220;Voy a bajar las tarifas de la luz eliminando impuestos&#8221;"},"content":{"rendered":"<p>El productor agropecuario y farmac\u00e9utico, Juan Carlos Polini, hizo un balance de su participaci\u00f3n en la audiencia p\u00fablica por el aumento de tarifas de Secheep y ratific\u00f3 lo expuesto en la ocasi\u00f3n \u201cEs posible reducir impuestos y as\u00ed abaratar costos para los consumidores.<br \/>\n\u201cEstoy completamente seguro de que el principal problema de Secheep es la mala administraci\u00f3n, cuando asumi\u00f3 Capitanich en 2007 era una empresa con super\u00e1vit y al d\u00eda de hoy est\u00e1 endeudada en m\u00e1s de $40.000 millones de pesos, est\u00e1 claro que el problema es de quienes la administran\u201d.<br \/>\nEn ese contexto Polini hizo referencia al proyecto que present\u00f3 en la C\u00e1mara de Diputados de la Naci\u00f3n en conjunto con sus pares de otras provincias \u201cArgentina es el pa\u00eds con mayor carga impositiva del mundo por la cantidad de impuestos que pagan tanto las personas como las empresas que llegan a pagar 160 impuestos y las Pymes m\u00e1s de 40, por eso impulsamos esta medida para que se reduzca el IVA, que hoy es del 21% para consumos residenciales y del 27% para comerciales y pretendemos que no se cobre m\u00e1s del 7% y el 10% respectivamente en las factures de luz y agua potable, con algo tan sencillo y realizable como esta reducci\u00f3n se aliviar\u00eda el impacto de las  tarifas en el bolsillo de los usuarios chaque\u00f1os, no es una locura, es una decisi\u00f3n pol\u00edtica\u201d.<br \/>\n\u201cPor supuesto que adem\u00e1s debemos considerar otras cuestiones como la re-implementaci\u00f3n de los medidores de luz prepagos que permiten a la sociedad controlar el dinero que invierten en el consumo de energ\u00eda el\u00e9ctrica; o la reglamentaci\u00f3n de la Ley 2824-K, sancionada en 2018 que crea el Programa de Uso Racional y Eficiencia Energ\u00e9tica en Edificios P\u00fablicos (PUREEEP) y que al d\u00eda de hoy no se cumple, necesitamos con urgencia implementarla porque los organismos estatales son los mayores consumidores de Secheep y los que registran mayores deudas, si un usuario residencial o una Pyme se atrasa en el pago de sus facturas, Secheep corta el suministro, cosa que no ocurre con los organismos p\u00fablicos, sin embargo son los primeros que deber\u00edan dar el ejemplo,  se trata de una cuesti\u00f3n de igualdad y equidad, \u00bfC\u00f3mo voy a exigir a un pensionado o jubilado que cobra la m\u00ednima que me aporte casi la mitad de su sueldo para pagar el consumo de luz si primero no paga la de Casa de Gobierno?\u201d.<br \/>\nPara finalizar, Polini agreg\u00f3: \u201cAnalizo la realidad y aplico la l\u00f3gica, conozco lo que es administrar una empresa porque me ocupo personalmente de la m\u00eda, no le pedimos proezas al gobernador, le pedimos que se toque el coraz\u00f3n y entienda que los bolsillos de la gente no dan m\u00e1s, as\u00ed como \u00e9stas que planteo tengo varias propuestas m\u00e1s como la unificaci\u00f3n de la empresa con las cooperativas rurales para que el campo, donde se centra nuestra actividad econ\u00f3mica m\u00e1s importante, cuente con la misma calidad de servicio que el vecino de la ciudad; o la modificaci\u00f3n de la ley de audiencias p\u00fablicas que me parece totalmente arbitraria y contraproducente para los usuarios\u201d.<\/p>\n","protected":false},"excerpt":{"rendered":"<p>El productor agropecuario y farmac\u00e9utico, Juan Carlos Polini, hizo un balance de su participaci\u00f3n en la audiencia p\u00fablica por el aumento de tarifas de Secheep y ratific\u00f3 lo expuesto en la ocasi\u00f3n \u201cEs posible reducir impuestos y as\u00ed abaratar costos para los consumidores. \u201cEstoy completamente seguro de que el principal problema de Secheep es la [&hellip;]<\/p>\n","protected":false},"author":1,"featured_media":19319,"comment_status":"closed","ping_status":"closed","sticky":false,"template":"","format":"standard","meta":{"footnotes":""},"categories":[6],"tags":[],"class_list":{"0":"post-19318","1":"post","2":"type-post","3":"status-publish","4":"format-standard","5":"has-post-thumbnail","7":"category-chaco"},"_links":{"self":[{"href":"https:\/\/chacosintesis.com.ar\/index.php\/wp-json\/wp\/v2\/posts\/19318","targetHints":{"allow":["GET"]}}],"collection":[{"href":"https:\/\/chacosintesis.com.ar\/index.php\/wp-json\/wp\/v2\/posts"}],"about":[{"href":"https:\/\/chacosintesis.com.ar\/index.php\/wp-json\/wp\/v2\/types\/post"}],"author":[{"embeddable":true,"href":"https:\/\/chacosintesis.com.ar\/index.php\/wp-json\/wp\/v2\/users\/1"}],"replies":[{"embeddable":true,"href":"https:\/\/chacosintesis.com.ar\/index.php\/wp-json\/wp\/v2\/comments?post=19318"}],"version-history":[{"count":0,"href":"https:\/\/chacosintesis.com.ar\/index.php\/wp-json\/wp\/v2\/posts\/19318\/revisions"}],"wp:featuredmedia":[{"embeddable":true,"href":"https:\/\/chacosintesis.com.ar\/index.php\/wp-json\/wp\/v2\/media\/19319"}],"wp:attachment":[{"href":"https:\/\/chacosintesis.com.ar\/index.php\/wp-json\/wp\/v2\/media?parent=19318"}],"wp:term":[{"taxonomy":"category","embeddable":true,"href":"https:\/\/chacosintesis.com.ar\/index.php\/wp-json\/wp\/v2\/categories?post=19318"},{"taxonomy":"post_tag","embeddable":true,"href":"https:\/\/chacosintesis.com.ar\/index.php\/wp-json\/wp\/v2\/tags?post=19318"}],"curies":[{"name":"wp","href":"https:\/\/api.w.org\/{rel}","templated":true}]}}