{"id":19293,"date":"2023-02-28T09:00:26","date_gmt":"2023-02-28T12:00:26","guid":{"rendered":"https:\/\/chacosintesis.com.ar\/?p=19293"},"modified":"2023-02-28T09:07:30","modified_gmt":"2023-02-28T12:07:30","slug":"violento-asalto-a-un-empresario-en-du-graty","status":"publish","type":"post","link":"https:\/\/chacosintesis.com.ar\/index.php\/violento-asalto-a-un-empresario-en-du-graty\/","title":{"rendered":"Violento asalto a un empresario en Du Graty"},"content":{"rendered":"<p>Sucedi\u00f3 este domingo alrededor de las 22, cuando un delincuente ingres\u00f3 a un domicilio y fue sorprendido por familiares de la v\u00edctima.<\/p>\n<p>A pocos d\u00edas de que se produjera un robo a mano armada a un centro comercial, frente a la plaza central de la comunidad, nuevamente la ciudad es noticia por un acto de inseguridad.<\/p>\n<p>A las 22 del domingo un delincuente a cara descubierta ingres\u00f3 a robar, con una pistola de aire comprimido, al domicilio de un empresario agricultor<br \/>\nEl delincuente no pudo llevar nada gracias a que un familiar de la v\u00edctima lleg\u00f3 justo en ese momento y pidi\u00f3 ayuda a los vecinos, que se acercaron al lugar tras escuchar los gritos.<br \/>\nUno de ellos traslad\u00f3 en una camioneta al hospital local a la v\u00edctima, mientras un hijo del empresario se enfrent\u00f3 con el forajido, cuando vio que su madre estaba en el piso recibiendo amenazas.<br \/>\nEn declaraciones a NORTE el fiscal de la causa, Sergio Ram\u00f3n R\u00edos, coment\u00f3 que &#8220;a las 22 ingres\u00f3 al domicilio el asaltante, pero en ese momento tambi\u00e9n regresaron integrantes de la familia que viven en esa vivienda. Presentimos que eso fue lo que interrumpi\u00f3 el ataque. Se dio a la fuga, la polic\u00eda y vecinos buscaron a esta persona&#8221;.<\/p>\n<p>&#8220;No sabemos a\u00fan con qu\u00e9 intenci\u00f3n el asaltante ingresa al domicilio, ya que el \u00fanico y principal testigo se encuentra internado y en estos momentos privilegiamos la salud de esta persona&#8221;, cont\u00f3 el fiscal.<br \/>\nEl delincuente ser\u00eda un joven de 24 a\u00f1os conocido como Pich\u00f3n, domiciliado en Barrio Aipo de esta localidad. Y ser\u00e1 indagado por el fiscal en la ciudad de Villa \u00c1ngela.<br \/>\nEl damnificado de 71 a\u00f1os fue atendido en nosocomio local por excoriaciones en codo derecho, mu\u00f1eca derecha, cara, mano derecha, regi\u00f3n frontal y herida cortante.<\/p>\n<p>DIARIO NORTE.-<\/p>\n","protected":false},"excerpt":{"rendered":"<p>Sucedi\u00f3 este domingo alrededor de las 22, cuando un delincuente ingres\u00f3 a un domicilio y fue sorprendido por familiares de la v\u00edctima. A pocos d\u00edas de que se produjera un robo a mano armada a un centro comercial, frente a la plaza central de la comunidad, nuevamente la ciudad es noticia por un acto de [&hellip;]<\/p>\n","protected":false},"author":1,"featured_media":19294,"comment_status":"closed","ping_status":"closed","sticky":false,"template":"","format":"standard","meta":{"footnotes":""},"categories":[6],"tags":[197],"class_list":{"0":"post-19293","1":"post","2":"type-post","3":"status-publish","4":"format-standard","5":"has-post-thumbnail","7":"category-chaco","8":"tag-destacada"},"_links":{"self":[{"href":"https:\/\/chacosintesis.com.ar\/index.php\/wp-json\/wp\/v2\/posts\/19293","targetHints":{"allow":["GET"]}}],"collection":[{"href":"https:\/\/chacosintesis.com.ar\/index.php\/wp-json\/wp\/v2\/posts"}],"about":[{"href":"https:\/\/chacosintesis.com.ar\/index.php\/wp-json\/wp\/v2\/types\/post"}],"author":[{"embeddable":true,"href":"https:\/\/chacosintesis.com.ar\/index.php\/wp-json\/wp\/v2\/users\/1"}],"replies":[{"embeddable":true,"href":"https:\/\/chacosintesis.com.ar\/index.php\/wp-json\/wp\/v2\/comments?post=19293"}],"version-history":[{"count":0,"href":"https:\/\/chacosintesis.com.ar\/index.php\/wp-json\/wp\/v2\/posts\/19293\/revisions"}],"wp:featuredmedia":[{"embeddable":true,"href":"https:\/\/chacosintesis.com.ar\/index.php\/wp-json\/wp\/v2\/media\/19294"}],"wp:attachment":[{"href":"https:\/\/chacosintesis.com.ar\/index.php\/wp-json\/wp\/v2\/media?parent=19293"}],"wp:term":[{"taxonomy":"category","embeddable":true,"href":"https:\/\/chacosintesis.com.ar\/index.php\/wp-json\/wp\/v2\/categories?post=19293"},{"taxonomy":"post_tag","embeddable":true,"href":"https:\/\/chacosintesis.com.ar\/index.php\/wp-json\/wp\/v2\/tags?post=19293"}],"curies":[{"name":"wp","href":"https:\/\/api.w.org\/{rel}","templated":true}]}}