{"id":19237,"date":"2023-02-25T12:52:16","date_gmt":"2023-02-25T15:52:16","guid":{"rendered":"https:\/\/chacosintesis.com.ar\/?p=19237"},"modified":"2023-02-25T13:07:32","modified_gmt":"2023-02-25T16:07:32","slug":"el-gobierno-confirmo-acuerdo-salarial-con-docentes-y-las-clases-en-chaco-comenzaran-el-1-de-marzo","status":"publish","type":"post","link":"https:\/\/chacosintesis.com.ar\/index.php\/el-gobierno-confirmo-acuerdo-salarial-con-docentes-y-las-clases-en-chaco-comenzaran-el-1-de-marzo\/","title":{"rendered":"El Gobierno confirm\u00f3 acuerdo salarial con docentes y las clases en Chaco comenzar\u00e1n el 1 de marzo"},"content":{"rendered":"<p>En conferencia de prensa, esta ma\u00f1ana el gobernador de la provincia, Jorge Capitanich, confirm\u00f3 el acuerdo del Gobierno Provincial con los gremios docentes respecto a la mesa paritaria para la recomposici\u00f3n salarial del 2023, con lo cual las clases en la provincia del Chaco comenzar\u00e1n en tiempo y forma a partir del 1 de marzo.<br \/>\n\u201cEs un amplio acuerdo con los trabajadores docentes desde el punto de vista de la pol\u00edtica salarial, que involucra un consenso pleno y mayoritario en virtud de lo que significa\u201d, indic\u00f3 el gobernador, quien estuvo acompa\u00f1ado por la vicegobernador, Anal\u00eda Rach Quiroga, y los ministros que estuvieron a cargo de la negociaci\u00f3n con el sector docente, Aldo Lineras (Educaci\u00f3n) y Santiago P\u00e9rez Pons (Econom\u00eda).<br \/>\nLa pol\u00edtica salarial consensuada se posiciona con un 70% de piso de incremento anual, m\u00e1s la aplicaci\u00f3n de la cl\u00e1usula gatillo en forma trimestral que garantiza superar la inflaci\u00f3n, en lo que se incluye un 20% de incremento garantizado a partir de marzo. Adem\u00e1s, se otorga un 10% de recomposici\u00f3n adicional,  integrado por 5% de incremento al valor del punto de junio, adicional a la cl\u00e1usula gatillo, y la suma de 200 puntos al concepto de recomposici\u00f3n salarial en septiembre, llegando a 1.200 puntos.<br \/>\nA modo de ejemplo, el gobernador explic\u00f3 que el salario neto con jornada extendida para un maestro de grado de zona urbana con 10 a\u00f1os de antig\u00fcedad ser\u00e1 de $141.200 a partir de ahora, y $170.100 en marzo, mientras que un maestro de grado sin jornada extendida que percib\u00eda $117.000 en enero, pasa a percibir $141.050.<br \/>\n\u201cNosotros hemos hecho un esfuerzo extraordinario en nuestras tres administraciones, mejorando el poder adquisitivo del salario real docente, y recuperando el desastre, el deterioro en el per\u00edodo anterior por la pol\u00edtica de car\u00e1cter nacional\u201d, se\u00f1al\u00f3, y remarc\u00f3 que \u201chemos tenido una pol\u00edtica salarial que logr\u00f3 varios objetivos: garantizar el poder adquisitivo del salario real, recuperarlo, e implementar la cobertura del fondo educativo (art\u00edculo 83 CP). Esto es muy bien comprendido por todos los trabajadores docentes de la provincia\u201d.<\/p>\n<p>Beneficios para el traslado y un plan integral<br \/>\nPor otra parte, el gobernador anunci\u00f3 que \u201ca partir del 1 de marzo generaremos las condiciones para que todos los trabajadores inscriptos que deben trasladarse por media distancia entre localidades, tendr\u00e1n acceso a una tarjeta y, en algunos lugares que necesitan otros mecanismos de compensaci\u00f3n, lo tendr\u00e1n\u201d, y explic\u00f3 que con esto \u201cestamos cumpliendo el objetivo sustancial de que todo trabajador docente pueda trasladarse para cumplir las obligaciones laborales con financiamiento del Estado\u201d. \u201cEsto significa el gran desaf\u00edo de no ver a los trabajadores docentes haciendo dedo en las rutas, no solamente por su seguridad, sino por su comodidad\u201d.<br \/>\nAdem\u00e1s, destac\u00f3 que se lleva adelante \u201cun plan de infraestructura p\u00fablica muy significativo\u201d en los edificios escolares, sobre lo cual mencion\u00f3 que hay aproximadamente entre 180.194 escuelas con distintos grados de desarrollo en t\u00e9rminos de ejecuci\u00f3n, y que ser\u00e1n m\u00e1s de 820 escuelas nuevas, ampliadas o remodeladas a nuevas. En ese sentido, mencion\u00f3 que el lunes estar\u00e1 inaugurando la Escuela N\u00b0 82 de Basail junto al presidente, Alberto Fern\u00e1ndez, y el ministro de Educaci\u00f3n de la Naci\u00f3n, Jaime Perczyk.<br \/>\nFinalmente, Capitanich agreg\u00f3 que desde el 1 de marzo se inicia un proceso de distribuci\u00f3n de 1.000 computadoras \u201cpara ir disminuyendo la brecha digital con inclusi\u00f3n digital docente, que es una pol\u00edtica muy importante que la estamos haciendo con estrategia de transferencia directa, sistemas de financiamiento con tasa 0, y distintas modalidades que permiten garantizar el acceso a alumnos y alumnas\u201d.<br \/>\n\u201cEstamos recuperando significativamente el salario real de los trabajadores docentes, estamos invirtiendo en infraestructura educativa, estamos distribuyendo m\u00e1s de 300.000 libros, vamos a cumplir m\u00e1s o menos la meta de 200.000 computadoras distribuidas en nuestras tres administraciones, tambi\u00e9n hemos logrado un gran esfuerzo desde el punto de vista de mobiliario y reparaciones. Hacemos el m\u00e1ximo esfuerzo y siempre nos queda el enorme desaf\u00edo que esto implica para lograr que definitivamente tengamos mayor dignidad para el sector docente y mayor calidad educativa\u201d, concluy\u00f3.<\/p>\n","protected":false},"excerpt":{"rendered":"<p>En conferencia de prensa, esta ma\u00f1ana el gobernador de la provincia, Jorge Capitanich, confirm\u00f3 el acuerdo del Gobierno Provincial con los gremios docentes respecto a la mesa paritaria para la recomposici\u00f3n salarial del 2023, con lo cual las clases en la provincia del Chaco comenzar\u00e1n en tiempo y forma a partir del 1 de marzo. [&hellip;]<\/p>\n","protected":false},"author":1,"featured_media":19238,"comment_status":"closed","ping_status":"closed","sticky":false,"template":"","format":"standard","meta":{"footnotes":""},"categories":[6],"tags":[],"class_list":{"0":"post-19237","1":"post","2":"type-post","3":"status-publish","4":"format-standard","5":"has-post-thumbnail","7":"category-chaco"},"_links":{"self":[{"href":"https:\/\/chacosintesis.com.ar\/index.php\/wp-json\/wp\/v2\/posts\/19237","targetHints":{"allow":["GET"]}}],"collection":[{"href":"https:\/\/chacosintesis.com.ar\/index.php\/wp-json\/wp\/v2\/posts"}],"about":[{"href":"https:\/\/chacosintesis.com.ar\/index.php\/wp-json\/wp\/v2\/types\/post"}],"author":[{"embeddable":true,"href":"https:\/\/chacosintesis.com.ar\/index.php\/wp-json\/wp\/v2\/users\/1"}],"replies":[{"embeddable":true,"href":"https:\/\/chacosintesis.com.ar\/index.php\/wp-json\/wp\/v2\/comments?post=19237"}],"version-history":[{"count":0,"href":"https:\/\/chacosintesis.com.ar\/index.php\/wp-json\/wp\/v2\/posts\/19237\/revisions"}],"wp:featuredmedia":[{"embeddable":true,"href":"https:\/\/chacosintesis.com.ar\/index.php\/wp-json\/wp\/v2\/media\/19238"}],"wp:attachment":[{"href":"https:\/\/chacosintesis.com.ar\/index.php\/wp-json\/wp\/v2\/media?parent=19237"}],"wp:term":[{"taxonomy":"category","embeddable":true,"href":"https:\/\/chacosintesis.com.ar\/index.php\/wp-json\/wp\/v2\/categories?post=19237"},{"taxonomy":"post_tag","embeddable":true,"href":"https:\/\/chacosintesis.com.ar\/index.php\/wp-json\/wp\/v2\/tags?post=19237"}],"curies":[{"name":"wp","href":"https:\/\/api.w.org\/{rel}","templated":true}]}}