{"id":19229,"date":"2023-02-24T17:16:20","date_gmt":"2023-02-24T20:16:20","guid":{"rendered":"https:\/\/chacosintesis.com.ar\/?p=19229"},"modified":"2023-02-24T17:36:45","modified_gmt":"2023-02-24T20:36:45","slug":"peche-en-la-audiencia-publica-vine-a-pedirle-a-capitanich-que-suspenda-el-tarifazo-de-secheep","status":"publish","type":"post","link":"https:\/\/chacosintesis.com.ar\/index.php\/peche-en-la-audiencia-publica-vine-a-pedirle-a-capitanich-que-suspenda-el-tarifazo-de-secheep\/","title":{"rendered":"Peche en la Audiencia p\u00fablica: &#8220;Vine a pedirle a Capitanich que suspenda el tarifazo de Secheep&#8221;"},"content":{"rendered":"<p>El dos veces intendente de Presidencia Roque S\u00e1enz Pe\u00f1a y actual presidente del interbloque de diputados de la UCR, Carim Peche, particip\u00f3 este viernes de la audiencia p\u00fablica convocada por la empresa Secheep en la ciudad de General San Mart\u00edn.<br \/>\nA su turno se\u00f1al\u00f3 \u201cEn la audiencia anterior hice una pregunta y en ese momento me dijeron que no me pod\u00edan responder porque no era el \u00e1mbito, pero que luego lo iban a hacer, la pregunta era muy sencilla: \u00bfQu\u00e9 destino tiene el dinero que los usuarios pagan todos los meses ya que no se le paga a Cammesa y no hay inversiones que mejoren el servicio? 7 meses despu\u00e9s la pregunta sigue sin responderse\u201d<br \/>\nEl agujero negro<br \/>\nY continu\u00f3 \u201cMediante Decreto 2634\/2009 se crea el cargo tarifario espec\u00edfico destinado a la realizaci\u00f3n de obras de infraestructura el\u00e9ctrica, ese mismo Decreto cede la administraci\u00f3n de lo recaudado al fideicomiso financiero de infraestructura el\u00e9ctrica que administra la Fiduciaria del Norte, esta emite valores representativos de la deuda (bonos) que coloca en el mercado, de 2010 a la fecha se han realizado 12 operaciones de emisi\u00f3n de deuda por un valor aproximado a los $1500 millones\u201d<br \/>\n\u201cEl dinero que obtiene la Fiduciaria por la colocaci\u00f3n de los bonos debe ser girado a Secheep luego de cancelar todos los gastos de la operatoria, y ac\u00e1 est\u00e1 el agujero negro y el motivo por el cual no pueden responder mi pregunta: o la Fiduciaria no le manda el dinero a Secheep o Secheep lo recibe y no lo destina a invertir en un mejor servicio, cualquiera sea el caso, los usuarios seguimos sin saber que hacen con nuestro dinero\u201d<br \/>\nPagar la luz o comer<br \/>\n\u201cEn estos d\u00edas, cuando empezaron a llegar las boletas de Secheep con aumentos del 100, 200 y hasta 300% en algunos casos, me acordaba de algunos diputados e intendentes oficialistas que en la auditor\u00eda anterior defendieron el aumento de tarifas, hay que tener coraje para salir hoy a decirle a un trabajador o un jubilado que elija entre comer o pagar la luz, las facturas de Secheep representan el 15 o 20% de un sueldo o una jubilaci\u00f3n esta provincia\u201d.<br \/>\n80% m\u00e1s que Buenos Aires<br \/>\n\u201cNos ponen el sellito en la boleta que dice tarifa subsidiada, anunciaron con bombos y platillos una tarifa diferencial para las provincias del norte, pero seguimos pagando un 80% m\u00e1s caro el kilovatio hora que los usuarios de Buenos Aires\u201d<br \/>\nAunque les moleste<br \/>\n\u201cY esto que voy a decir no les gusta, les molesta mucho, pero es la verdad, cuando la UCR dej\u00f3 el gobierno provincial en 2007 Secheep era superavitaria, y no lo digo yo, lo dicen los balances,  sin aumentar las tarifas durante 12 a\u00f1os se prestaba un servicio de excelencia, estaba el bono AIPO para que las familias m\u00e1s necesitadas paguen el 50% de la tarifa, subsidio que cubr\u00eda la provincia con recursos propios, no como ahora que todo subsidia la Naci\u00f3n, y hab\u00eda un programa de iluminaci\u00f3n p\u00fablica gratuito \u201cPlan Nal\u00e1\u201d, hoy las ciudades est\u00e1n a oscuras, ni los focos cambian\u201d<br \/>\nQuieren privatizarla<br \/>\n\u201cNo solo administran mal sino que pretenden privatizarla, lo intentaron hace a\u00f1os, fue durante nuestro gobierno que se hizo una consulta popular para que no la privaticen,  e insisten ahora, el gobierno provincial present\u00f3 el proyecto de Ley 203\/20 que en su art\u00edculo 4\u00b0 establece la incorporaci\u00f3n de capital privado a las empresas del Estado, esa Ley intentaron aprobar en diciembre de 2020, en plena pandemia mientras nos ten\u00edan encerrados, y gracias a que nuestro bloque se retir\u00f3 del recinto no pudieron avanzar\u201d<br \/>\nAuditor\u00eda externa<br \/>\nFinalmente \u201cHe venido a esta audiencia p\u00fablica a pedir a las autoridades de Secheep y al gobierno provincial que suspendan este nuevo aumento, las familias chaque\u00f1as no pueden m\u00e1s, la situaci\u00f3n es agobiante, no hace falta seguir aplicando tarifazos, hay que ordenar la gesti\u00f3n de la empresa, por eso present\u00e9 un proyecto de Ley para realizar una auditor\u00eda externa de manera de saber d\u00f3nde estamos parados y a partir de ah\u00ed, entre todos, trabajar en pol\u00edticas que permitan sanear la empresa en beneficio de los chaque\u00f1os\u201d<\/p>\n","protected":false},"excerpt":{"rendered":"<p>El dos veces intendente de Presidencia Roque S\u00e1enz Pe\u00f1a y actual presidente del interbloque de diputados de la UCR, Carim Peche, particip\u00f3 este viernes de la audiencia p\u00fablica convocada por la empresa Secheep en la ciudad de General San Mart\u00edn. A su turno se\u00f1al\u00f3 \u201cEn la audiencia anterior hice una pregunta y en ese momento [&hellip;]<\/p>\n","protected":false},"author":1,"featured_media":19230,"comment_status":"closed","ping_status":"closed","sticky":false,"template":"","format":"standard","meta":{"footnotes":""},"categories":[6],"tags":[],"class_list":{"0":"post-19229","1":"post","2":"type-post","3":"status-publish","4":"format-standard","5":"has-post-thumbnail","7":"category-chaco"},"_links":{"self":[{"href":"https:\/\/chacosintesis.com.ar\/index.php\/wp-json\/wp\/v2\/posts\/19229","targetHints":{"allow":["GET"]}}],"collection":[{"href":"https:\/\/chacosintesis.com.ar\/index.php\/wp-json\/wp\/v2\/posts"}],"about":[{"href":"https:\/\/chacosintesis.com.ar\/index.php\/wp-json\/wp\/v2\/types\/post"}],"author":[{"embeddable":true,"href":"https:\/\/chacosintesis.com.ar\/index.php\/wp-json\/wp\/v2\/users\/1"}],"replies":[{"embeddable":true,"href":"https:\/\/chacosintesis.com.ar\/index.php\/wp-json\/wp\/v2\/comments?post=19229"}],"version-history":[{"count":0,"href":"https:\/\/chacosintesis.com.ar\/index.php\/wp-json\/wp\/v2\/posts\/19229\/revisions"}],"wp:featuredmedia":[{"embeddable":true,"href":"https:\/\/chacosintesis.com.ar\/index.php\/wp-json\/wp\/v2\/media\/19230"}],"wp:attachment":[{"href":"https:\/\/chacosintesis.com.ar\/index.php\/wp-json\/wp\/v2\/media?parent=19229"}],"wp:term":[{"taxonomy":"category","embeddable":true,"href":"https:\/\/chacosintesis.com.ar\/index.php\/wp-json\/wp\/v2\/categories?post=19229"},{"taxonomy":"post_tag","embeddable":true,"href":"https:\/\/chacosintesis.com.ar\/index.php\/wp-json\/wp\/v2\/tags?post=19229"}],"curies":[{"name":"wp","href":"https:\/\/api.w.org\/{rel}","templated":true}]}}