{"id":19225,"date":"2023-02-24T17:02:23","date_gmt":"2023-02-24T20:02:23","guid":{"rendered":"https:\/\/chacosintesis.com.ar\/?p=19225"},"modified":"2023-02-24T17:07:38","modified_gmt":"2023-02-24T20:07:38","slug":"petrovich-confirmo-que-la-asamblea-provincial-de-atech-decidio-aceptar-la-propuesta-salarial-del-gobierno","status":"publish","type":"post","link":"https:\/\/chacosintesis.com.ar\/index.php\/petrovich-confirmo-que-la-asamblea-provincial-de-atech-decidio-aceptar-la-propuesta-salarial-del-gobierno\/","title":{"rendered":"Petrovich confirm\u00f3 que la asamblea provincial de ATECH decidi\u00f3 aceptar la propuesta salarial del Gobierno"},"content":{"rendered":"<p>La secretaria general de ATECH, Rosa Petrovich confirm\u00f3 este viernes que la asamblea provincial del gremio acept\u00f3 la propuesta salarial enviada por el Ejecutivo Provincial en el contexto de las negociaciones por la pauta salarial para el 2023.<br \/>\nEn di\u00e1logo con Chaco TV,  la dirigente del gremio docente confirm\u00f3 este viernes que la Asamblea Provincial de ATECH ha decidido &#8211; por mayor\u00eda-  aceptar la \u00faltima propuesta salarial enviada por el Gobierno.<br \/>\n\u201cA pesar de seguir consider\u00e1ndola insuficiente, por la crisis y la escalada inflacionaria, la asamblea provincial de ATECH ha decidido tomar la \u00faltima propuesta salarial enviada por el Gobierno. Se han incorporado algunos criterios , propuestos por nosotros, para la pauta salarial del 2023\u201d, dijo Petrovich.<br \/>\nLa dirigente gremial se\u00f1al\u00f3 que el acuerdo salarial tiene dos pilares fundamentales que son: cl\u00e1usula gatillo (lograda desde hace unos a\u00f1os por los trabajadores de la educaci\u00f3n de la provincia a trav\u00e9s de Atech y el Frente Gremial). Esta es la herramienta que nos permite proteger el poder adquisitivo de los trabajadores para que sus salarios no queden por debajo de la inflaci\u00f3n.<br \/>\nPetrovich, destac\u00f3 que el otro pilar fundamental tiene que ver con la pol\u00edtica de recomposici\u00f3n salarial , que se ha iniciado desde hace dos a\u00f1os a esta parte, y que pretende seguir siendo profundizada , para lograr estar lo m\u00e1ximo posible por encima de la inflaci\u00f3n.<br \/>\n\u201cEsto es lo que ha resuelto la docencia del Chaco . Nosotros trasladamos a los colegas docentes la propuesta completa del Gobierno . Hay un piso de un 70% que plantea el Ejecutivo ,que para nosotros es relativo porque la base fundamental es la cl\u00e1usula gatillo. Adem\u00e1s est\u00e1 el incremento del 20 % con los sueldos de marzo, abarcando a activos y pasivos docentes y un 5 % de recomposici\u00f3n con los sueldos de julio y un porcentaje similar de recomposici\u00f3n por encima de la inflaci\u00f3n con 200 puntos de incremento a la bonificaci\u00f3n incorporada al sueldo\u201d, aclar\u00f3 Petrovich.<br \/>\n\u201cQueremos seguir trabajando en una pol\u00edtica de recomposici\u00f3n salarial para seguir estando por encima de la inflaci\u00f3n\u201d, dijo la dirigente de ATECH.<\/p>\n","protected":false},"excerpt":{"rendered":"<p>La secretaria general de ATECH, Rosa Petrovich confirm\u00f3 este viernes que la asamblea provincial del gremio acept\u00f3 la propuesta salarial enviada por el Ejecutivo Provincial en el contexto de las negociaciones por la pauta salarial para el 2023. En di\u00e1logo con Chaco TV, la dirigente del gremio docente confirm\u00f3 este viernes que la Asamblea Provincial [&hellip;]<\/p>\n","protected":false},"author":1,"featured_media":19226,"comment_status":"closed","ping_status":"closed","sticky":false,"template":"","format":"standard","meta":{"footnotes":""},"categories":[6],"tags":[],"class_list":{"0":"post-19225","1":"post","2":"type-post","3":"status-publish","4":"format-standard","5":"has-post-thumbnail","7":"category-chaco"},"_links":{"self":[{"href":"https:\/\/chacosintesis.com.ar\/index.php\/wp-json\/wp\/v2\/posts\/19225","targetHints":{"allow":["GET"]}}],"collection":[{"href":"https:\/\/chacosintesis.com.ar\/index.php\/wp-json\/wp\/v2\/posts"}],"about":[{"href":"https:\/\/chacosintesis.com.ar\/index.php\/wp-json\/wp\/v2\/types\/post"}],"author":[{"embeddable":true,"href":"https:\/\/chacosintesis.com.ar\/index.php\/wp-json\/wp\/v2\/users\/1"}],"replies":[{"embeddable":true,"href":"https:\/\/chacosintesis.com.ar\/index.php\/wp-json\/wp\/v2\/comments?post=19225"}],"version-history":[{"count":0,"href":"https:\/\/chacosintesis.com.ar\/index.php\/wp-json\/wp\/v2\/posts\/19225\/revisions"}],"wp:featuredmedia":[{"embeddable":true,"href":"https:\/\/chacosintesis.com.ar\/index.php\/wp-json\/wp\/v2\/media\/19226"}],"wp:attachment":[{"href":"https:\/\/chacosintesis.com.ar\/index.php\/wp-json\/wp\/v2\/media?parent=19225"}],"wp:term":[{"taxonomy":"category","embeddable":true,"href":"https:\/\/chacosintesis.com.ar\/index.php\/wp-json\/wp\/v2\/categories?post=19225"},{"taxonomy":"post_tag","embeddable":true,"href":"https:\/\/chacosintesis.com.ar\/index.php\/wp-json\/wp\/v2\/tags?post=19225"}],"curies":[{"name":"wp","href":"https:\/\/api.w.org\/{rel}","templated":true}]}}