{"id":19223,"date":"2023-02-24T09:44:23","date_gmt":"2023-02-24T12:44:23","guid":{"rendered":"https:\/\/chacosintesis.com.ar\/?p=19223"},"modified":"2023-02-24T10:06:57","modified_gmt":"2023-02-24T13:06:57","slug":"orden-del-dia-para-la-audiencia-publica-que-tratara-la-actualizacion-de-la-tarifa-electrica","status":"publish","type":"post","link":"https:\/\/chacosintesis.com.ar\/index.php\/orden-del-dia-para-la-audiencia-publica-que-tratara-la-actualizacion-de-la-tarifa-electrica\/","title":{"rendered":"Orden del d\u00eda para la audiencia p\u00fablica que tratar\u00e1 la actualizaci\u00f3n de la tarifa el\u00e9ctrica"},"content":{"rendered":"<p>En el marco del cumplimiento del Decreto provincial N\u00b0 95 que establece la realizaci\u00f3n de la Audiencia P\u00fablica que tendr\u00e1 por objeto de tratar la actualizaci\u00f3n de la tarifa de energ\u00eda el\u00e9ctrica y el cargo tarifario espec\u00edfico de Secheep, se dio a conocer el Orden del D\u00eda para la jornada que tendr\u00e1 lugar el viernes 24 de febrero, en General San Mart\u00edn.<br \/>\nDel orden del d\u00eda se distingue un r\u00e9cord de 70 personas inscriptas para exponer durante la Audiencia, entre ellas, los especialistas de Secheep, representantes de otras distribuidoras, legisladores provinciales y nacionales, intendentes, representantes de asociaciones civiles y sindicales, as\u00ed como empresarios, comerciantes y particulares.<br \/>\nLa Audiencia P\u00fablica se celebrar\u00e1 el viernes 24 de febrero de 2023, a las 9, en la Casa de la Cultura de General San Mart\u00edn (sita en calle Moreno 27, de dicha localidad). De ese listado de 70 personas, la gran mayor\u00eda har\u00e1 una exposici\u00f3n presencial, en tanto que un grupo lo har\u00e1 a trav\u00e9s de video conferencia.<br \/>\n Desde Secheep informaron que, con el objetivo de lograr una amplia participaci\u00f3n ciudadana, la Audiencia P\u00fablica podr\u00e1 ser vista en directo, desde cualquier parte del mundo, a trav\u00e9s de las plataformas digitales de YouTube y Facebook.<br \/>\nOrden del D\u00eda: todo lo estipulado de la Audiencia P\u00fablica<br \/>\nAudiencia P\u00fablica: \u201cTratamiento sobre la actualizaci\u00f3n de la tarifa de energ\u00eda el\u00e9ctrica y el cargo tarifario espec\u00edfico\u201d, convocada por decreto del poder ejecutivo provincial n\u00b0 95\/2023, de fecha 19 de enero de 2.023, fijada para el d\u00eda 24 de febrero de 2023, a las 9:00 horas, a celebrarse en la casa de cultura de la ciudad de general Jos\u00e9 de San Mart\u00edn, sito en calle Moreno N\u00b0 272, provincia del Chaco.<br \/>\nOrden del d\u00eda establecido (art. 21 del reglamento general de audiencias p\u00fablicas para el Poder Ejecutivo provincial y art. 17 del reglamento ad-hoc, establecido para la presente audiencia p\u00fablica, aprobado por resoluci\u00f3n del directorio de Secheep, N\u00b0 11568-23, de fecha 20 de enero de 2023).<br \/>\n9:00 horas: Acreditaci\u00f3n y registro de Asistencia de los participantes registrados en presencia de la Escribana P\u00fablica Natasha Magali Ostapczuk, Titular del Registro Notarial N\u00b0 6, de la Ciudad de Presidencia Roque S\u00e1enz Pe\u00f1a, con domicilio en calle Mariano Moreno N\u00b0 1.130, de la Ciudad de Presidencia Roque S\u00e1enz Pe\u00f1a, Provincia del Chaco, conforme la siguiente N\u00f3mina de los participantes que se encuentran registrados e inscriptos, y de los expertos y funcionarios convocados, que a continuaci\u00f3n se detalla:<br \/>\n1.- Ingeniero Gast\u00f3n Alberto Blanquet, Presidente del Directorio de la empresa de Secheep.<br \/>\n2.- Ingeniero Industrial Luis Adolfo Cardozo, DNI 29.616.737, en representaci\u00f3n de la Coordinaci\u00f3n T\u00e9cnica del Sistema El\u00e9ctrico de la empresa Secheep de la Administraci\u00f3n Central.<br \/>\n3.- Ingeniero Ricardo Ariel Salas, integrante del equipo t\u00e9cnico, Asistente An\u00e1lisis de Falla, Sector Estudio y An\u00e1lisis del Sistema &#8211; Movimiento de Energ\u00eda, de la Gerencia \u00c1rea Metropolitana de la empresa Secheep.<br \/>\n4.- Ingeniera Mar\u00eda Ximena Coseani, DNI 31.676.132, equipo t\u00e9cnico del Estudio Tarifario de la empresa Secheep, de la Administraci\u00f3n Central.<br \/>\n5.- Ingeniero Ricardo Esteban Vranjes, DNI 30.626.326, equipo t\u00e9cnico del Estudio Tarifario de la empresa Secheep.<br \/>\n6.- Ingeniero Claudio Bulacio, DNI 13.789.398, y Luis Alvarez, DNI 10.617.276, ambos en representaci\u00f3n de ADEERA (Asociaci\u00f3n de Distribuidores de Energ\u00eda El\u00e9ctrica de la Rep\u00fablica Argentina), con domicilio legal en calle Tacuar\u00ed 163, Piso 8, de la Ciudad Aut\u00f3noma de Buenos Aires.<br \/>\n7.- Sr. Javier Adrian Rivero, DNI 29.010.461 y Fernando Emanuel Machado, DNI 30.018.145, con domicilio en calle La Rioja N\u00b0 2051, Ciudad de Posadas, Provincia de Misiones, en representaci\u00f3n de EMSA.<br \/>\n8.- Sr. Livio Edgardo Gutierrez, DNI 20.868.383, en el car\u00e1cter de Diputado Provincial, con domicilio en calle Azopardo N\u00b0 630, de la Ciudad de Las Bre\u00f1as, Provincia del Chaco.<br \/>\n9.- Sra. Anal\u00eda Aguirre Niello, DNI 28.125.574, con domicilio en Mz.49 Pc. 2, Casa 4, Barrio Espa\u00f1a, de la Ciudad de Resistencia, Provincia del Chaco.<br \/>\n10.- Sr. Jos\u00e9 V\u00edctor Hugo Abraham Ehall, DNI 14.209.878, con domicilio en Casa 22 Mz. 81, Barrio Espa\u00f1a, de la Ciudad de Resistencia, Provincia del Chaco.<br \/>\n11.- Sr. Iv\u00e1n Joaqu\u00edn Garcia, DNI 37.855.559, en el car\u00e1cter de concejal, con domicilio en calle Marcelo T. de Alvear N\u00b0 136, de la Ciudad de Villa Angela, Provincia del Chaco.<br \/>\n12.- Sra. Yanina Elizabeth Pendiuk, DNI 37.975.085, con domicilio en calle 12 de Octubre N\u00b0 277, de la Ciudad de General Jos\u00e9 de San Mart\u00edn, Provincia del Chaco.<br \/>\n13.- Sr. Cirilo Minarik, DNI 16.006.725, con domicilio en calle Brasil y Ruta 6, de la Ciudad de Las Bre\u00f1as, Provincia del Chaco.<br \/>\n14.- Sr. C\u00e9sar Luis Illiesca, DNI 34.941.930, con domicilio en Barrio Las Palomas, de la Ciudad de Juan Jos\u00e9 Castelli, Provincia del Chaco.<br \/>\n15.- Sra. M\u00f3nica Tigua, DNI 21.069.083, con domicilio en calle Mz. 38 Pc. 3, Barrio 25 de Mayo de la Ciudad de General Jos\u00e9 de San Mart\u00edn, Provincia del Chaco.<br \/>\n16.- Sra. Virginia Alejandra N\u00fa\u00f1ez, DNI 33.669.354, con domicilio en calle Necochea N\u00b01778, Ciudad de Resistencia, Provincia del Chaco.<br \/>\n17.- Sr. Bernardo Dami\u00e1n Voloj, DNI 29.092.732, con domicilio en calle Santa Fe N\u00b0 328, de la Ciudad de Resistencia, en el car\u00e1cter de representante del Instituto del Defensor del Pueblo de la Provincia del Chaco.<br \/>\n18.- Sr. Marcelo Fabian Stacchiotti, DNI 22.595.760, con domicilio en calle Juez Santiago Saquer N\u00b067, Ciudad General Jos\u00e9 de San Mart\u00edn, Provincia del Chaco.<br \/>\n19.- Sr. Carlos Adolfo Mancuello, DNI 26.158.642, con domicilio en calle Urquiza N\u00b0 170, Ciudad de Villa Berthet, Provincia del Chaco.<br \/>\n20.- Sr. Carim Antonio Peche, DNI 14.799.410, en el car\u00e1cter de Diputado Provincial, con domicilio en calle Jos\u00e9 Mar\u00eda Paz N\u00b0 345, 5\u00b0 Piso, Oficina \u201cD\u201d, de la Ciudad de Resistencia, Provincia del Chaco.<br \/>\n21.- Sra. Dana Noelia Fernandez, DNI 29.625.607, con domicilio en Barrio Edmundo Zaiser, de la Localidad de Hermoso Campo, Provincia del Chaco.<br \/>\n22.- Sra. Nora Gauna, DNI 21.849.423, en el car\u00e1cter de concejal, con domicilio en calle Mz. 90 Pc. 19., Ciudad de Pcia. Roque S\u00e1enz Pe\u00f1a.<br \/>\n23.- Sra. Claudia Cabrera, DNI 26.362.059, con domicilio en Barrio Malvinas Argentinas, Ciudad de Las Bre\u00f1as, Provincia del Chaco.<br \/>\n24.- Sr. Leandro Cesar Zdero, DNI 21.884.116, en el car\u00e1cter de Diputado Provincial, con domicilio en calle Jos\u00e9 Mar\u00eda Paz N\u00b0 343, 5\u00b0 Piso, de la Ciudad de Resistencia, Provincia del Chaco.<br \/>\n25.- Sr. Juan Jos\u00e9 Bergia, DNI 14.294.071, en el car\u00e1cter de Diputado Provincial, con domicilio en calle Hip\u00f3lito Hirigoyen N\u00b0 449, de la Ciudad de Resistencia, Provincia del Chaco.<br \/>\n26.- Sra. Natalia Perino Cintas, DNI 27.410.089, con domicilio en calle R\u00edo de Oro N\u00b0 3030, Ciudad de Resistencia, Provincia del Chaco.<br \/>\n27.- Sra. Zulma Galeano, DNI 11.029.363, con domicilio en calle Av. San Mart\u00edn N\u00b0 231, Ciudad de General Jos\u00e9 de San Mart\u00edn, Provincia del Chaco.<br \/>\n28.- Sra. Virginia Luisa Bovero, DNI 13.099.066, con domicilio en calle Av. Brown N\u00b0 952, Ciudad de General Jos\u00e9 de San Mart\u00edn, Provincia del Chaco.<br \/>\n29.- Sra. Aida Edith Vega, DNI 14.390.970, con domicilio en calle Mz. 8 Pc. 10, Barrio Utedyc, Ciudad de General Jos\u00e9 de San Mart\u00edn, Provincia del Chaco.<br \/>\n30.- Sra. Natalia Gheringhelli, DNI 34.055.407, con domicilio en calle Urquiza N\u00b0 185, Ciudad de General Jos\u00e9 de San Mart\u00edn, Provincia del Chaco.<br \/>\n31.- Sr. Juan Carlos Polini, DNI 20.264.162, en el car\u00e1cter de Diputado Nacional, con domicilio en calle Alberdi N\u00b0 31, Ciudad de Coronel Du Graty, Provincia del Chaco.<br \/>\n32.- Sr. Marcos Medina, DNI 39.179.943, con domicilio en calle Las Heras N\u00b0 37, Ciudad de Pcia. Roque S\u00e1enz Pe\u00f1a, Provincia del Chaco.<br \/>\n33.- Sra. Mar\u00eda Alejandra Ruiz Diaz, DNI 28.000.843, con domicilio en calle Ingeniero Jos\u00e9 Babini N\u00b0 24, Ciudad de General Jos\u00e9 de San Mart\u00ed, Provincia del Chaco.<br \/>\n34.- Sr. Diputado Nicol\u00e1s Slimel, DNI 32.062.356, en el car\u00e1cter de Diputado Provincial, con domicilio en calle Donovan N\u00b0 737, de la Ciudad de Resistencia, Provincia del Chaco.<br \/>\n35.- Sra. Glenda Vanesa Seifert, DNI 25.893.821, en el car\u00e1cter de Intendenta de la Localidad de Pampa del Infierno, con domicilio n calle Hip\u00f3lito Hirigoyen N\u00b0 83, Pampa del Infierno, Provincia del Chaco.<br \/>\n36.- Sra. Rosa Santacruz, DNI 34.055.653, con domicilio en calle Jos\u00e9 M\u00e1rmol N\u00b0 4.110, Ciudad de Barranqueras, Provincia del Chaco.<br \/>\n37.- Sra. Patricia Lopez, DNI 22.882.296, con domicilio en calle Laprida N\u00b0 4.725, Ciudad de Barranqueras, Provincia del Chaco.<br \/>\n38.- Sr. Franco Manuel Torrez, DNI 40.607.825, con domicilio en Mz. 9 Pc. 6, Barrio Coria, Ciudad de Charata, Provincia del Chaco.<br \/>\n39.- Sr. Ricardo Pablo Palleiro, DNI 24.125.963, en representaci\u00f3n de la FATLYF (Federaci\u00f3n Argentina de Trabajadores de Luz y Fuerza), con domicilio en calle Lima N\u00b0 163, de la Ciudad Aut\u00f3noma de Buenos Aires, Provincia de Buenos Aires.<br \/>\n40.- Sr. Dante E. Stach, DNI 13.216.750, con domicilio en calle 9 de Julio N\u00b0 719, Ciudad de Las Bre\u00f1as, Provincia del Chaco.<br \/>\n41.- Sr. V\u00edctor Omar Machuca, DNI 20.276.430, en el car\u00e1cter de Intendente de la Ciudad de Las Bre\u00f1as, con domicilio en calle V\u00edctor Mercante N\u00b0 870, Las Bre\u00f1as, Provincia del Chaco.<br \/>\n42.- Sr. Alejandro Juan Jos\u00e9 Barcala, DNI 24.712.868, con domicilio en Ruta 89 Km 243, Ciudad de Charata, Provincia del Chaco.<br \/>\n43.- Sra. Estela Marina Baciuk, DNI 26.768.335, con domicilio en calle Av. Leandro N. Alem N\u00b0 1825, Ciudad de Juan Jos\u00e9 Castelli, Provincia del Chaco.<br \/>\n44.- Sra. Ramona Cepriana Silva, DNI 18.405.822, con domicilio calle 2 de Febrero N\u00b0 5.274, Ciudad de Fontana, Provincia del Chaco.<br \/>\n45.- Sra. Gabriela Elizabeth Cardozo, DNI 29.011.890, con domicilio en calle Luis Cayr\u00e9 N\u00b0 782, Ciudad de Quitilipi, Provincia del Chaco.<br \/>\n46.- Sra. Mirian Marina Meza, DNI 36.892.244, con domicilio en calle Campo Feldman (Lote 51), Ciudad de Quitilipi, Provincia del Chaco.<br \/>\n47.- Sra, Mar\u00eda Rosa Marinich, DNI 21.830.647, con domicilio en calle Urquiza N\u00b0 576, Pampa del Infierno, Provincia del Chaco.<br \/>\n48.- Sr. Oscar Alfredo Marinich, DNI 22.978.746, con domicilio en Lote 1, Ciudad de Campo Largo, Provincia del Chaco.<br \/>\n49.- Sra. Cesia Betania Solis, DNI 37.690.380, con domicilio en calle Liniers N\u00b0 325, Ciudad de Quitilipi, Provincia del Chaco.<br \/>\n50.- Sr. Alexis Iv\u00e1n Acu\u00f1a, DNI 42.922.762, con domicilio en calle Esteban Echeverr\u00eda N\u00b0 1085, Ciudad de Quitilipi, Provincia del Chaco.<br \/>\n51.- Sra. Emilse Radich, DNI 34.898.926, con domicilio en calle Guayaquil N\u00b0 465, Ciudad de Quitilipi, Provincia del Chaco.<br \/>\n52.- Sra. Eduarda Rodr\u00edguez, DNI 29.704.940, con domicilio en Quinta 12, Ciudad de Juan Jos\u00e9 Castelli, Provincia del Chaco.<br \/>\n53.- Sra. Patricia Beaz, DNI 32.314.495, con domicilio en calle Tierra del Fuego N\u00b0 858, Ciudad de Quitilipi, Provincia del Chaco.<br \/>\n54.- Jessica Elizabet Radich, DNI 34.566.884, con domicilio en calle Dr. Rodr\u00edguez Ciudad de Quitilipi, Provincia del Chaco.<br \/>\n55.- Sr. Braian Nahuel G\u00f3mez, DNI 40.607.404, con domicilio en calle Berdolack \u2013 calle p\u00fablica-, Ciudad de Quitilipi, Provincia del Chaco.<br \/>\n56.- Sr. Hugo Orlando Fontana, DNI 26.515.971, con domicilio en calle Formosa y Luis Caire (Mz.30 Pc. 10), Barrio 110 Viviendas, Ciudad de Quitilipi, Provincia del Chaco.<br \/>\n57.- Sr. N\u00e9stor Sabate, DNI 20.208.358, con domicilio en calle Sarmiento N\u00b0 1066, Ciudad de Pampa del Infierno, provincia del Chaco.<br \/>\n58.- Sr. Andr\u00e9s Avelino Solis, DNI 16.086.203, con domicilio en calle Tierra del Fuego N\u00b0 835, Ciudad de Quitilipi, Provincia del Chaco.<br \/>\n59.- Sra. Yanina Paola Lezcano, DNI 34.036.505, con domicilio en calle P\u00fablica y Curupaiti, Ciudad de Quitilipi, Provincia del Chaco.<br \/>\n60.- Sr. El\u00edas Encina, DNI 38.969.717, con domicilio en calle Gral. G\u00fcemes, Ciudad de Quitilipi, Provincia del Chaco.<br \/>\n61.- Sr. Germ\u00e1n Perelli, DNI 25.132.379, con domicilio en calle Jun\u00edn N\u00b0 430, Ciudad de San Bernardo, Provincia del Chaco.<br \/>\n62.- Sr. Edgardo Cesar Marinoff, DNI 21.348.290, con domicilio en calle Saavedra N\u00b0 540, Ciudad de General Jos\u00e9 de San Mart\u00edn, Provincia del Chaco.<br \/>\n63.- Sra. Susana Grinczuk, DNI 16.696.135, con domicilio en calle Belgrano S\/N, Ciudad de Villa Berthet, Provincia del Chaco.<br \/>\n64.- Sr. Juan Manuel Pedrini, DNI 13.901.940, con domicilio en la Ciudad de Resistencia, Provincia del Chaco, en el car\u00e1cter de Diputado Nacional.<br \/>\n65.- Sra. Claudia Lorena Panzardi, DNI 25.956.331, con domicilio en la Ciudad de Resistencia, Provincia del Chaco, en el car\u00e1cter de Diputada provincial.<br \/>\n66.- Sr. Sergio Andr\u00e9s Dolce, DNI 26.968.443, en el car\u00e1cter de Intendente de Las Garcitas, con domicilio en la Localidad de Las Garcitas.<br \/>\n67.- Sr. Rodrigo Ocampo, DNI 33.144.015, con domicilio en la Ciudad de Resistencia, en el car\u00e1cter de Diputado Provincial.<br \/>\n68.- Sr. Rafael Rub\u00e9n Carrara, DNI 23.245.378, en el car\u00e1cter de Intendente de la Localidad de Corzuela, con domicilio en la Localidad de Corzuela.<br \/>\n69.- Sr. Pedro Le\u00f3n Maidana, DNI 29.358.564, con domicilio en Colonia Elisa, Provincia del Chaco, en el car\u00e1cter de Intendente de la Localidad de Colonia Elisa.<br \/>\n70.- Sr. Javier H\u00e9ctor Martinez, DNI 32.184.224, con domicilio en Margarita Bel\u00e9n, Provincia del Chaco, en el car\u00e1cter de Intendente de la Localidad de Margarita Bel\u00e9n.<br \/>\nSe deja constancia que obra en el expediente *\u201cActuaci\u00f3n Electr\u00f3nica N\u00b0 E41-2023-886-Ae\u201d, del Ministerio de Planificaci\u00f3n, Econom\u00eda e Infraestructura de la Provincia del Chaco\u201d*, el informe escrito y en soporte magn\u00e9tico de las exposiciones t\u00e9cnicas que realizaran los Ingenieros Ricardo Ariel SALAS, Luis Adolfo CARDOZO, Mar\u00eda Ximena COSEANI y Ricardo E. VRANJES, los que se encuentran a disposici\u00f3n de los interesados.-Asimismo obra agregado en el expediente la totalidad de las invitaciones cursadas a distintos organismos e instituciones de la Provincia del Chaco.- Finalmente obra agregado al expediente de menci\u00f3n los Formularios de Inscripci\u00f3n de los participantes de la presente Audiencia P\u00fablica, como tambi\u00e9n se agregar\u00e1 el Registro de la totalidad de los asistentes a la presente Audiencia P\u00fablica.<br \/>\nAsimismo se dispuso los mecanismos para la transmisi\u00f3n en vivo del desarrollo de la Audiencia P\u00fablica, y de esa forma asegurar la participaci\u00f3n simultanea de los usuarios e interesados de las distintas localidades de la Provincia del Chaco y de otros lugares del Pa\u00eds, habilit\u00e1ndose al efecto la transmisi\u00f3n v\u00eda Facebook y v\u00eda Youtube, por las cuentas oficiales de la empresa SECHEEP<br \/>\nFinalmente y para aquellos inscriptos para exponer en la presente audiencia y que no puedan concurrir y\/o deseen realizar su exposici\u00f3n mediante la plataforma de videoconferencia, se les facilitar\u00e1 el Link de acceso a la Reuni\u00f3n de Plataforma ZOOM, N\u00famero de Reuni\u00f3n y C\u00f3digo de Acceso, para que puedan materializar su exposici\u00f3n en el momento de la audiencia, advirti\u00e9ndoseles que deber\u00e1n acceder con su nombre y apellido.<br \/>\n9:20 horas: Inicio de la Audiencia P\u00fablica, en la que se desarrollar\u00e1n las elocuciones conforme el orden establecido precedentemente, con el siguiente tiempo determinado para cada uno de ellos:<br \/>\nPalabras a cargo del Ingeniero Gast\u00f3n Alberto Blanquet, presidente del Directorio de la empresa S.E.CH.E.E.P., y designado para Presidir la presente Audiencia P\u00fablica, conforme lo establecido en el Art\u00edculo 2\u00b0 del Decreto del Poder Ejecutivo Provincial N\u00b0 95\/2023, citado anteriormente, quien realizar\u00e1 las palabras de bienvenida e inicio de la presente audiencia p\u00fablica, explicando los motivos de la misma: Tiempo estimado de elocuci\u00f3n diez (10) minutos<br \/>\n9:30 horas: Palabras a cargo de los Ingenieros Ricardo Ariel SALAS y Luis Adolfo CARDOZO, del equipo t\u00e9cnico de SECHEEP, quienes explicar\u00e1n el diagn\u00f3stico del sistema el\u00e9ctrico de la Gerencia \u00c1rea Metropolitana, y del Interior de la Provincia del Chaco, como tambi\u00e9n de la evoluci\u00f3n de la demanda energ\u00e9tica y de las inversiones ejecutadas, y finalmente del Plan de Obras a desarrollarse, con un tiempo estimado de elocuci\u00f3n de Veinte (20) minutos.<br \/>\n09:50 horas: Palabras a cargo de los Ingenieros Mar\u00eda Ximena COSEANI y Ricardo Esteban VRANJES, integrantes del equipo t\u00e9cnico de Tarifas de SECHEEP, quienes explicar\u00e1n desarrollo y fundamentos de la readecuaci\u00f3n tarifaria, tiempo estimado de elocuci\u00f3n aproximadamente dos (02:00) horas, de conformidad con lo establecido por el art. 19 del Reglamento AD \u2013 HOC de la audiencia P\u00fablica, aprobado por Resoluci\u00f3n del Directorio de SECHEEP N\u00b0 11568-23, de fecha 20 de Enero de 2.023.-<br \/>\n12:00 horas: Palabras a cargo de los Ingenieros Claudio BULACIO y Luis ALVAREZ, en representaci\u00f3n de ADEERA. Tiempo estimado de elocuci\u00f3n: 15 minutos.<br \/>\n12:15 horas: Palabras a cargo de los Sres. Javier Adri\u00e1n RIVERO y Fernando Emanuel MACHADO, en representaci\u00f3n de EMSA. Tiempo estimado de elocuci\u00f3n: 15 minutos.<br \/>\n12:30 horas: Palabras a cargo del Sr. Livio Edgardo GUTIERREZ, en el car\u00e1cter de Diputado Provincial. Tiempo estimado de elocuci\u00f3n: 15 minutos.<br \/>\n12:45 horas: Palabras a cargo de la Sra. Anal\u00eda Aguirre NIELLO, particular. Tiempo estimado de elocuci\u00f3n: 15 minutos.<br \/>\n13:00 horas: Palabras a cargo del Sr. Jos\u00e9 V\u00edctor Hugo ABRAHAM EHALL, particular. Tiempo estimado de elocuci\u00f3n: 15 minutos.<br \/>\n13:15 horas: Palabras a cargo del Sr. Iv\u00e1n Joaqu\u00edn GARCIA, particular. Tiempo estimado de elocuci\u00f3n: 15 minutos.<br \/>\n13:30 horas: Palabras a cargo de la Sra. Yanina Elizabeth PENDIUK, particular. Tiempo estimado de elocuci\u00f3n: 15 minutos.<br \/>\n13:45 horas: Palabras a cargo del Sr. Cirilo MINARIK, particular. Tiempo estimado de elocuci\u00f3n: 15 minutos.<br \/>\n14:00 horas: Palabras a cargo del Sr. Cesar Luis ILLIESCA, particular, tiempo estimado de elocuci\u00f3n: 15 minutos.<br \/>\n14:15 horas: Palabras a cargo de la Sra. M\u00f3nica TIGUA, particular, tiempo estimado de elocuci\u00f3n: 15 minutos.<br \/>\n14:30 horas: Palabras a cargo de la Sra. Virginia Alejandra NU\u00d1EZ, particular, tiempo estimado de locuci\u00f3n: 15 minutos.<br \/>\n14:45 horas: Palabras a cargo del Sr. Bernardo Dami\u00e1n VOLOJ, Defensor del Pueblo de la Provincia del Chaco, tiempo estimado de elocuci\u00f3n: 15 minutos.<br \/>\n15:00 horas: Palabras a cargo del Sr. Marcelo Fabian STACCHIOTTI, particular, tiempo estimado de elocuci\u00f3n: 15 minutos.<br \/>\n15:15 horas: Palabras a cargo del Sr. Carlos Adolfo MANCUELLO, particular, tiempo estimado de elocuci\u00f3n: 15 minutos.<br \/>\n15:30 horas: Palabras a cargo del Sr. Carim Antonio PECHE, en el car\u00e1cter de Diputado Provincial, tiempo estimado de elocuci\u00f3n: 15 minutos.<br \/>\n15:45 horas: Palabras a cargo de la Sra. Dana Noelia FERNANDEZ, particular, tiempo estimado de elocuci\u00f3n: 15 minutos.<br \/>\n16:00 horas: Palabras a cargo de la Sra. Nora GAUNA, en el car\u00e1cter de concejal, tiempo estimado de elocuci\u00f3n: 15 minutos.<br \/>\n16:15 horas: Palabras a cargo de la Sra. Claudia CABRERA, particular. Tiempo estimado de elocuci\u00f3n: 15 minutos.<br \/>\n16:30 horas: Palabras a cargo del Sr. Leandro C\u00e9sar ZDERO, en el car\u00e1cter de Diputado Provincial, tiempo estimado de elocuci\u00f3n: 15 minutos.<br \/>\n16:45 horas: Palabras a cargo del Sr. Juan Jos\u00e9 BERGIA, en el car\u00e1cter de Diputado Provincial, tiempo estimado de elocuci\u00f3n: 15 minutos.<br \/>\n17:00 horas: Palabras a cargo de la Sra. Natalia Perino CINTAS, particular, tiempo estimado de elocuci\u00f3n: 15 minutos.<br \/>\n17:15 horas: Palabras a cargo de la Sra. Zulma GALEANO, particular, tiempo estimado de elocuci\u00f3n: 15 minutos.<br \/>\n17:30 horas: Palabras a cargo de la Sra. Virginia Luisa BOVERO, particular, tiempo estimado de elocuci\u00f3n: 15 minutos.<br \/>\n17:45 horas: Palabras a cargo de la Sra. Ana Edith VEGA, particular, tiempo estimado de elocuci\u00f3n: 15 minutos.<br \/>\n18:00 horas: Palabras a cargo de la Sra. Natalia GHERINGHELLI, particular, tiempo estimado de elocuci\u00f3n: 15 minutos.<br \/>\n18:15 horas: Palabras a cargo del Sr. Juan Carlos POLINI en el car\u00e1cter de Diputado Nacional, tiempo estimado de elocuci\u00f3n: 15 minutos.<br \/>\n18:30 horas: Palabras a cargo del Sr. Marcos MEDINA, particular. Tiempo estimado de elocuci\u00f3n: 15 minutos.<br \/>\n18:45 horas: Palabras a cargo de la Sra. Mar\u00eda Alejandra RUIZ DIAZ, particular, tiempo estimado de elocuci\u00f3n: 15 minutos.<br \/>\n19:00 horas: Palabras a cargo del Sr. Nicol\u00e1s SLIMEL, en el car\u00e1cter de Diputado Provincial, tiempo estimado de elocuci\u00f3n: 15 minutos.<br \/>\n19:15 horas: Palabras a cargo de la Sra. Glenda Vanesa SEIFERT, en el car\u00e1cter de Intendenta de Pampa del Infierno, tiempo estimado de elocuci\u00f3n: 15 minutos.<br \/>\n19:30 horas: Palabras a cargo de la Sra. Rosa SANTA CRUZ, particular, tiempo estimado de elocuci\u00f3n: 15 minutos.<br \/>\n19:45 horas: Palabras a cargo de la Sra. Patricia LOPEZ, particular, tiempo estimado de elocuci\u00f3n: 15 minutos.<br \/>\n20:00 horas: Palabras a cargo del Sr. Franco Manuel TORREZ, particular, tiempo estimado de elocuci\u00f3n: 15 minutos.<br \/>\n20:15 horas: Palabras a cargo del Sr. Ricardo Pablo PALLEIRO, en representaci\u00f3n de la FATLYF, tiempo estimado de elocuci\u00f3n: 15 minutos.<br \/>\n20:30 horas: Palabras a cargo del Sr. Dante E. STACH, particular, tiempo estimado de elocuci\u00f3n: 15 minutos.<br \/>\n20:45 horas: Palabras a cargo del Sr. V\u00edctor Omar MACHUCA, en el car\u00e1cter de Intendente de Las Bre\u00f1as, tiempo estimado de elocuci\u00f3n: 15 minutos.<br \/>\n21:00 horas: Palabras a cargo del Sr. Alejandro Juan Jos\u00e9 BARCALA, particular, tiempo estimado de elocuci\u00f3n: 15 minutos.<br \/>\n21:15 horas: Palabras a cargo de la Sra. Estela Marina BACIUK, particular, tiempo estimado de elocuci\u00f3n: 15 minutos<br \/>\n21:30 horas: Palabras a cargo de la Sra. Ramona Cepriana SILVA, particular, tiempo estimado de elocuci\u00f3n: 15 minutos.<br \/>\n21:45 horas: Palabras a cargo de la Sra. Gabriela Elizabeth CARDOZO, particular, tiempo estimado de elocuci\u00f3n: 15 minutos.<br \/>\n22:00 horas: Palabras a cargo de la Sra. Mirian Marina MEZA, particular, tiempo estimado de elocuci\u00f3n: 15 minutos.<br \/>\n22:15 horas: Palabras a cargo de la Sra. Mar\u00eda Rosa MARINICH, particular, tiempo estimado de elocuci\u00f3n: 15 minutos.<br \/>\n22:30 horas: Palabras a cargo del Sr. Oscar Alfredo MARINICH, particular, tiempo estimado de elocuci\u00f3n: 15 minutos.<br \/>\n22:45 horas: Palabras a cargo de la Sra. Cesia Betiana SOLIS, particular, tiempo estimado de elocuci\u00f3n: 15 minutos.<br \/>\n23:00 horas: Palabras a cargo del Sr. Alexis Iv\u00e1n ACU\u00d1A, particular, tiempo estimado de elocuci\u00f3n: 15 minutos.<br \/>\n23:15 horas: Palabras a cargo de la Sra. Emilse RADICH, particular, tiempo estimado de elocuci\u00f3n: 15 minutos.<br \/>\n23:30 horas: Palabras a cargo de la Sra. Eduarda RODRIGUEZ, particular, tiempo estimado de elocuci\u00f3n: 15 minutos.<br \/>\n23:45 horas: Palabras a cargo de la Sra. Patricia BEAZ, particular, tiempo estimado de elocuci\u00f3n: 15 minutos.<br \/>\n00:00 horas: Palabras a cargo de la Sra. Jessica Elizabeth RADICH, particular, tiempo estimado de elocuci\u00f3n: 15 minutos.<br \/>\n00:15 horas: Palabras a cargo del Sr. Braian Nahuel GOMEZ, particular, tiempo estimado de elocuci\u00f3n: 15 minutos.<br \/>\n00:30 horas: Palabras a cargo del Sr. Hugo Orlando FOTANA, particular, tiempo estimado de elocuci\u00f3n: 15 minutos.<br \/>\n00:45 horas: Palabras a cargo del Sr. N\u00e9stor SABATE, particular, tiempo estimado de elocuci\u00f3n: 15 minutos.<br \/>\n01:00 horas: Palabras a cargo del Sr. Andr\u00e9s Avelino SOLIS, particular, tiempo estimado de elocuci\u00f3n: 15 minutos.<br \/>\n01:15 horas: Palabras a cargo de la Sra. Yanina Paola LEZCANO, particular, tiempo estimado de elocuci\u00f3n: 15 minutos.<br \/>\n01:30 horas: Palabras a cargo del Sr. El\u00edas ENCINA, particular, tiempo estimado de elocuci\u00f3n: 15 minutos.<br \/>\n01:45 horas: Palabras a cargo del Sr. Germ\u00e1n PERELLI, particular, tiempo estimado de elocuci\u00f3n: 15 minutos.<br \/>\n02:00 horas: Palabras a cargo del Sr. Edgardo C\u00e9sar MARINOFF, particular, tiempo estimado de elocuci\u00f3n: 15 minutos.<br \/>\n02:15 horas: Palabras a cargo de la Sra. Susana GRINCZUK, particular, tiempo estimado de elocuci\u00f3n: 15 minutos.<br \/>\n02:30 horas: Palabras a cargo del Sr. Juan Manuel PEDRINI, Diputado Nacional, tiempo estimado de elocuci\u00f3n: 15 minutos.<br \/>\n02:45 horas: Palabras a cargo de la Sra. Claudia Lorena PANZARDI, Diputada Provincial, tiempo estimado de elocuci\u00f3n: 15 minutos.<br \/>\n03:00 horas: Palabras a cargo del Sr. Sergio Andr\u00e9s DOLCE, Intendente de la Localidad de Las Garcitas, tiempo estimado de elocuci\u00f3n: 15 minutos.<br \/>\n03:15 horas: Palabras a cargo del Sr. Rodrigo OCAMPO, Diputado Provincial, tiempo estimado de elocuci\u00f3n: 15 minutos.<br \/>\n03:30 horas: Palabras a cargo del Sr. Rafael Rub\u00e9n CARRARA, Intendente de la Localidad de Corzuela, tiempo estimado de elocuci\u00f3n: 15 minutos.<br \/>\n03:45 horas: Palabras a cargo del Sr. Pedro Le\u00f3n MAIDANA, Intendente de Colonia Elisa, tiempo estimado de elocuci\u00f3n: 15 minutos.<br \/>\n04:00 horas: Palabras a cargo del Sr. Javier H\u00e9ctor MARTINEZ, Intendente de la Localidad de Margarita Bel\u00e9n, tiempo estimado de elocuci\u00f3n: 15 minutos.<br \/>\nSe deja expresamente aclarado que los horarios de alocuci\u00f3n establecidos en el presente orden del d\u00eda son estimativos, sin que implique sujeci\u00f3n a los mismos, por ello, los inscriptos ser\u00e1n llamados a exponer sucesivamente a medida que van finalizando en sus exposiciones, y si no est\u00e1n presentes o no se encuentran conectados para brindar su exposici\u00f3n, se entender\u00e1 que han desistido de la misma, previa espera de tres (3) minutos, continu\u00e1ndose con el siguiente. Si la Audiencia P\u00fablica se extiende mas all\u00e1 del horario comercial, 20:00 horas, aproximadamente, el Presidente de la Audiencia se encuentra facultado para disponer la continuaci\u00f3n de la misma con los inscriptos que faltaren exponer, en fecha y hora que se establecer\u00e1 en el acta de la Audiencia P\u00fablica, conforme facultad prevista en el art. 20 del Reglamento Ad-Hoc antes citado.<br \/>\nNombre y cargo de quienes presiden y coordinan la audiencia p\u00fablica:<br \/>\nPresidencia de la Audiencia: Ing. Gast\u00f3n Alberto BLANQUET, Presidente del Directorio de la empresa SECHEEP.<br \/>\nModerador de la Audiencia: Ing. Gast\u00f3n Alberto BLANQUET, Presidente del Directorio de la empresa SECHEEP.<br \/>\nProtocolizacion: a cargo de la Escribana P\u00fablica NATASHA MAGALI OSTAPCZUK, Titular del Registro Notarial N\u00b0 6, de la Ciudad de Presidencia Roque S\u00e1enz Pe\u00f1a, con domicilio en calle Mariano Moreno N\u00b0 1.130, de la Ciudad de Presidencia Roque S\u00e1enz Pe\u00f1a, Provincia del Chaco, de conformidad con lo establecido por el art. 23 del Decreto del Poder Ejecutivo Reglamentario N\u00b0 01\/2008, de fecha 02 de Enero de 2.008, y por el art. 18 del Reglamento Ad-Hoc de la presente Audiencia P\u00fabica, aprobado por Resoluci\u00f3n del Directorio de SECHEEP N\u00b0 11568-23, de fecha 20 de Enero de 2.023.-<\/p>\n<p>DIARIO PRIMERA LINEA.-<\/p>\n","protected":false},"excerpt":{"rendered":"<p>En el marco del cumplimiento del Decreto provincial N\u00b0 95 que establece la realizaci\u00f3n de la Audiencia P\u00fablica que tendr\u00e1 por objeto de tratar la actualizaci\u00f3n de la tarifa de energ\u00eda el\u00e9ctrica y el cargo tarifario espec\u00edfico de Secheep, se dio a conocer el Orden del D\u00eda para la jornada que tendr\u00e1 lugar el viernes [&hellip;]<\/p>\n","protected":false},"author":1,"featured_media":19224,"comment_status":"closed","ping_status":"closed","sticky":false,"template":"","format":"standard","meta":{"footnotes":""},"categories":[6],"tags":[197],"class_list":{"0":"post-19223","1":"post","2":"type-post","3":"status-publish","4":"format-standard","5":"has-post-thumbnail","7":"category-chaco","8":"tag-destacada"},"_links":{"self":[{"href":"https:\/\/chacosintesis.com.ar\/index.php\/wp-json\/wp\/v2\/posts\/19223","targetHints":{"allow":["GET"]}}],"collection":[{"href":"https:\/\/chacosintesis.com.ar\/index.php\/wp-json\/wp\/v2\/posts"}],"about":[{"href":"https:\/\/chacosintesis.com.ar\/index.php\/wp-json\/wp\/v2\/types\/post"}],"author":[{"embeddable":true,"href":"https:\/\/chacosintesis.com.ar\/index.php\/wp-json\/wp\/v2\/users\/1"}],"replies":[{"embeddable":true,"href":"https:\/\/chacosintesis.com.ar\/index.php\/wp-json\/wp\/v2\/comments?post=19223"}],"version-history":[{"count":0,"href":"https:\/\/chacosintesis.com.ar\/index.php\/wp-json\/wp\/v2\/posts\/19223\/revisions"}],"wp:featuredmedia":[{"embeddable":true,"href":"https:\/\/chacosintesis.com.ar\/index.php\/wp-json\/wp\/v2\/media\/19224"}],"wp:attachment":[{"href":"https:\/\/chacosintesis.com.ar\/index.php\/wp-json\/wp\/v2\/media?parent=19223"}],"wp:term":[{"taxonomy":"category","embeddable":true,"href":"https:\/\/chacosintesis.com.ar\/index.php\/wp-json\/wp\/v2\/categories?post=19223"},{"taxonomy":"post_tag","embeddable":true,"href":"https:\/\/chacosintesis.com.ar\/index.php\/wp-json\/wp\/v2\/tags?post=19223"}],"curies":[{"name":"wp","href":"https:\/\/api.w.org\/{rel}","templated":true}]}}