{"id":19203,"date":"2023-02-23T15:34:33","date_gmt":"2023-02-23T18:34:33","guid":{"rendered":"https:\/\/chacosintesis.com.ar\/?p=19203"},"modified":"2023-02-23T15:41:29","modified_gmt":"2023-02-23T18:41:29","slug":"un-nene-de-5-anos-murio-deshidratado-de-vacaciones-con-su-mama-en-corrientes","status":"publish","type":"post","link":"https:\/\/chacosintesis.com.ar\/index.php\/un-nene-de-5-anos-murio-deshidratado-de-vacaciones-con-su-mama-en-corrientes\/","title":{"rendered":"Un nene de 5 a\u00f1os muri\u00f3 deshidratado de vacaciones con su mam\u00e1 en Corrientes"},"content":{"rendered":"<p>Ten\u00eda diarrea y dolores estomacales hac\u00eda varios d\u00edas. La falta de asistencia m\u00e9dica habr\u00eda empeorado su estado. Piden ayuda para trasladar el cuerpo a La Plata.<\/p>\n<p>Un ni\u00f1o de cinco a\u00f1os falleci\u00f3 el domingo en una residencia en la localidad correntina de Curuz\u00fa Cuati\u00e1, donde estaba de vacaciones con su madre.<br \/>\nSeg\u00fan las primeras informaciones, sufr\u00eda de una grave deshidrataci\u00f3n que se agrav\u00f3 debido a la falta de atenci\u00f3n m\u00e9dica.<br \/>\nEl menor fue identificado como Noah Salvador Segundo y al parecer estaba enfermo desde hace varios d\u00edas.<br \/>\nSeg\u00fan una fuente cercana a la investigaci\u00f3n, el ni\u00f1o ten\u00eda diarrea y dolores de est\u00f3mago, pero su madre en lugar de llevarlo al hospital, decidi\u00f3 &#8220;darle comidas ligeras&#8221; y permitirle descansar, lo que empeor\u00f3 su estado de salud.<br \/>\nAl parecer, el peque\u00f1o tuvo un cuadro de deshidrataci\u00f3n previo, lo que pudo haber sido un factor contribuyente en su muerte.<br \/>\nForenses examinar\u00e1n el cuerpo para determinar la causa exacta de fallecimiento. Es importante tener en cuenta que la diarrea y la deshidrataci\u00f3n son afecciones m\u00e9dicas graves que pueden tener consecuencias mortales si no se tratan adecuadamente.<br \/>\nPor lo tanto, es fundamental que las personas tomen medidas preventivas y busquen atenci\u00f3n m\u00e9dica inmediata si experimentan s\u00edntomas similares.<br \/>\nPiden ayuda para trasladar el cuerpo de Noah<br \/>\nEn medio de la conmoci\u00f3n por la noticia de su muerte, el pap\u00e1 del peque\u00f1o, Ram\u00f3n Segundo, pide ayuda para trasladar el cuerpo de su hijo a La Plata, para darle el \u00faltimo adi\u00f3s.<br \/>\nPara ello necesitan 480 mil pesos. &#8220;Es una cantidad de dinero del que no dispone y tiene pocos d\u00edas para liquidar el pago&#8221;, se\u00f1al\u00f3 un allegado al hombre en di\u00e1logo con el portal 0221, por lo que en las \u00faltimas horas lanzaron una campa\u00f1a solidaria en las redes sociales para juntar fondos para el traslado, el velorio y la inhumaci\u00f3n del cuerpo.<\/p>\n<p> CADENA 3.-<\/p>\n","protected":false},"excerpt":{"rendered":"<p>Ten\u00eda diarrea y dolores estomacales hac\u00eda varios d\u00edas. La falta de asistencia m\u00e9dica habr\u00eda empeorado su estado. Piden ayuda para trasladar el cuerpo a La Plata. Un ni\u00f1o de cinco a\u00f1os falleci\u00f3 el domingo en una residencia en la localidad correntina de Curuz\u00fa Cuati\u00e1, donde estaba de vacaciones con su madre. Seg\u00fan las primeras informaciones, [&hellip;]<\/p>\n","protected":false},"author":1,"featured_media":19204,"comment_status":"closed","ping_status":"closed","sticky":false,"template":"","format":"standard","meta":{"footnotes":""},"categories":[6],"tags":[197],"class_list":{"0":"post-19203","1":"post","2":"type-post","3":"status-publish","4":"format-standard","5":"has-post-thumbnail","7":"category-chaco","8":"tag-destacada"},"_links":{"self":[{"href":"https:\/\/chacosintesis.com.ar\/index.php\/wp-json\/wp\/v2\/posts\/19203","targetHints":{"allow":["GET"]}}],"collection":[{"href":"https:\/\/chacosintesis.com.ar\/index.php\/wp-json\/wp\/v2\/posts"}],"about":[{"href":"https:\/\/chacosintesis.com.ar\/index.php\/wp-json\/wp\/v2\/types\/post"}],"author":[{"embeddable":true,"href":"https:\/\/chacosintesis.com.ar\/index.php\/wp-json\/wp\/v2\/users\/1"}],"replies":[{"embeddable":true,"href":"https:\/\/chacosintesis.com.ar\/index.php\/wp-json\/wp\/v2\/comments?post=19203"}],"version-history":[{"count":0,"href":"https:\/\/chacosintesis.com.ar\/index.php\/wp-json\/wp\/v2\/posts\/19203\/revisions"}],"wp:featuredmedia":[{"embeddable":true,"href":"https:\/\/chacosintesis.com.ar\/index.php\/wp-json\/wp\/v2\/media\/19204"}],"wp:attachment":[{"href":"https:\/\/chacosintesis.com.ar\/index.php\/wp-json\/wp\/v2\/media?parent=19203"}],"wp:term":[{"taxonomy":"category","embeddable":true,"href":"https:\/\/chacosintesis.com.ar\/index.php\/wp-json\/wp\/v2\/categories?post=19203"},{"taxonomy":"post_tag","embeddable":true,"href":"https:\/\/chacosintesis.com.ar\/index.php\/wp-json\/wp\/v2\/tags?post=19203"}],"curies":[{"name":"wp","href":"https:\/\/api.w.org\/{rel}","templated":true}]}}