{"id":19180,"date":"2023-02-22T11:51:52","date_gmt":"2023-02-22T14:51:52","guid":{"rendered":"https:\/\/chacosintesis.com.ar\/?p=19180"},"modified":"2023-02-22T12:07:22","modified_gmt":"2023-02-22T15:07:22","slug":"campana-de-vacunacion-contra-la-aftosa-y-la-brucelosis-estan-las-fechas","status":"publish","type":"post","link":"https:\/\/chacosintesis.com.ar\/index.php\/campana-de-vacunacion-contra-la-aftosa-y-la-brucelosis-estan-las-fechas\/","title":{"rendered":"Campa\u00f1a de vacunaci\u00f3n contra la aftosa y la brucelosis: est\u00e1n las fechas"},"content":{"rendered":"<p>El pr\u00f3ximo 20 de marzo se pondr\u00e1 en marcha formalmente a nivel provincial la Campa\u00f1a de Vacunaci\u00f3n Animal 2023 contra la Fiebre Aftosa y la Brucelosis.<br \/>\n Se trata de la primera etapa de la iniciativa anual y las acciones son coordinadas por el gobierno provincial y el Servicio Nacional de Sanidad y Calidad Agroalimentaria (Senasa). En esta ocasi\u00f3n, la inoculaci\u00f3n contra la aftosa abarca a todas las categor\u00edas de ganado bovino y bubalino. Y, de manera simult\u00e1nea se vacunar\u00e1 contra la brucelosis a terneras de tres a ocho meses de edad.<br \/>\n Desde el Senasa informaron que la campa\u00f1a comenzar\u00e1 el 20 de marzo y que ser\u00e1 por un plazo de 60 d\u00edas.<\/p>\n<p>DEFINICIONES En la provincia, la Comisi\u00f3n Provincial de Sanidad Animal (Coprosa) T\u00e9cnica acept\u00f3 la propuesta del Senasa en cuanto a las fechas y el calendario para la primera etapa de las tareas de inmunizaci\u00f3n animal contra la fiebre aftosa y la brucelosis.<\/p>\n<p> Las instituciones que conforman la Coprosa analizaron y aceptaron la propuesta de la Direcci\u00f3n Nacional de Sanidad Animal del Senasa, expresada por el director del Centro Regional Chaco-Formosa del organismo nacional, Facundo Galvani.<\/p>\n<p>No obstante, se\u00f1alaron que se elevar\u00e1 el pedido en caso de requerirse una pr\u00f3rroga dada la situaci\u00f3n h\u00eddrica provincial y la existencia de zonas cr\u00edticas.<\/p>\n<p>En otro orden de cosas, la Coprosa resolvi\u00f3 que antes del inicio de la vacunaci\u00f3n, los entes sanitarios deber\u00e1n presentar el acta de la \u00faltima asamblea y balance.<br \/>\nAMPLIO TEMARIO<br \/>\n Por otra parte, la Coprosa abord\u00f3 la situaci\u00f3n de los once brotes de rabia paresiante detectados en 2022 en los departamentos Almirante Brown, Chacabuco, G\u00fcemes, San Mart\u00edn, Bermejo y Sargento Cabral.<\/p>\n<p>Adem\u00e1s, la entidad inform\u00f3 acerca de las acciones sanitarias establecidas por el Senasa, entre ellas, la interdicci\u00f3n de los establecimientos ubicados en un radio de diez kil\u00f3metros y la vacunaci\u00f3n y revacunaci\u00f3n obligatoria del rodeo.<\/p>\n<p>Directivos de la entidad comentaron adem\u00e1s que el equipo de rabia regional viene realizando tratamiento de refugio de vampiros y jornadas de capacitaci\u00f3n destinada a productores.<\/p>\n<p> En otro orden de cosas, Galvani alert\u00f3 sobre las detecciones del Peque\u00f1o Escarabajo de las Colmenas (PEC) en Brasil, Paraguay y Bolivia, especie ex\u00f3tica en la Argentina. Al respecto, el funcionario indic\u00f3 la importancia de la detecci\u00f3n temprana de la plaga y su denuncia inmediata ante el Senasa, a fin de realizar las acciones sanitarias correspondientes y minimizar las consecuencias productivas a fin de salvaguardar la producci\u00f3n mel\u00edfera nacional.<\/p>\n<p> Y finalmente, el director regional del Senasa inform\u00f3 sobre la situaci\u00f3n de la influenza aviar altamente pat\u00f3gena, que fue detectada en Estados Unidos, Per\u00fa, Chile y Bolivia. Y solicit\u00f3 la denuncia temprana ante el organismo de la detecci\u00f3n de aves con sintomatolog\u00eda compatible con la enfermedad y de aves muertas, a fin de realizar las acciones sanitarias pertinentes.<\/p>\n<p> De la reuni\u00f3n -que tuvo lugar esta \u00faltima semana en Resistencia- participaron el subsecretario de Ganader\u00eda del Ministerio de Producci\u00f3n, Industria y Empleo, Sebasti\u00e1n Bravo; y por el Senasa el coordinador regional de Sanidad Animal, Facundo Mac\u00edas; y la supervisora en el Chaco, Ana Fragoso.<\/p>\n<p> Tambi\u00e9n acompa\u00f1aron los t\u00e9cnicos de la Direcci\u00f3n Provincial de Ganader\u00eda, Mabel Pecovich, Rodolfo Casaccia, Florencia Aguirre y Johanna Parera; Daniel Fontana, por la Federaci\u00f3n Chaque\u00f1a de Asociaciones Rurales (Fechasoru); Hugo Dur\u00e1n, por la Sociedad Rural del Chaco; y Luis Vila, por el Consejo de M\u00e9dicos Veterinarios del Chaco.<\/p>\n<p>DIARIO LA VOZ DEL CHACO<\/p>\n","protected":false},"excerpt":{"rendered":"<p>El pr\u00f3ximo 20 de marzo se pondr\u00e1 en marcha formalmente a nivel provincial la Campa\u00f1a de Vacunaci\u00f3n Animal 2023 contra la Fiebre Aftosa y la Brucelosis. Se trata de la primera etapa de la iniciativa anual y las acciones son coordinadas por el gobierno provincial y el Servicio Nacional de Sanidad y Calidad Agroalimentaria (Senasa). [&hellip;]<\/p>\n","protected":false},"author":1,"featured_media":19181,"comment_status":"closed","ping_status":"closed","sticky":false,"template":"","format":"standard","meta":{"footnotes":""},"categories":[6],"tags":[],"class_list":{"0":"post-19180","1":"post","2":"type-post","3":"status-publish","4":"format-standard","5":"has-post-thumbnail","7":"category-chaco"},"_links":{"self":[{"href":"https:\/\/chacosintesis.com.ar\/index.php\/wp-json\/wp\/v2\/posts\/19180","targetHints":{"allow":["GET"]}}],"collection":[{"href":"https:\/\/chacosintesis.com.ar\/index.php\/wp-json\/wp\/v2\/posts"}],"about":[{"href":"https:\/\/chacosintesis.com.ar\/index.php\/wp-json\/wp\/v2\/types\/post"}],"author":[{"embeddable":true,"href":"https:\/\/chacosintesis.com.ar\/index.php\/wp-json\/wp\/v2\/users\/1"}],"replies":[{"embeddable":true,"href":"https:\/\/chacosintesis.com.ar\/index.php\/wp-json\/wp\/v2\/comments?post=19180"}],"version-history":[{"count":0,"href":"https:\/\/chacosintesis.com.ar\/index.php\/wp-json\/wp\/v2\/posts\/19180\/revisions"}],"wp:featuredmedia":[{"embeddable":true,"href":"https:\/\/chacosintesis.com.ar\/index.php\/wp-json\/wp\/v2\/media\/19181"}],"wp:attachment":[{"href":"https:\/\/chacosintesis.com.ar\/index.php\/wp-json\/wp\/v2\/media?parent=19180"}],"wp:term":[{"taxonomy":"category","embeddable":true,"href":"https:\/\/chacosintesis.com.ar\/index.php\/wp-json\/wp\/v2\/categories?post=19180"},{"taxonomy":"post_tag","embeddable":true,"href":"https:\/\/chacosintesis.com.ar\/index.php\/wp-json\/wp\/v2\/tags?post=19180"}],"curies":[{"name":"wp","href":"https:\/\/api.w.org\/{rel}","templated":true}]}}