{"id":19176,"date":"2023-02-22T11:11:47","date_gmt":"2023-02-22T14:11:47","guid":{"rendered":"https:\/\/chacosintesis.com.ar\/?p=19176"},"modified":"2023-02-22T11:18:01","modified_gmt":"2023-02-22T14:18:01","slug":"el-intendente-de-el-sauzalito-acompana-la-candidatura-de-juan-calos-polini-para-la-gobernacion","status":"publish","type":"post","link":"https:\/\/chacosintesis.com.ar\/index.php\/el-intendente-de-el-sauzalito-acompana-la-candidatura-de-juan-calos-polini-para-la-gobernacion\/","title":{"rendered":"El Intendente de El Sauzalito acompa\u00f1a la candidatura de Juan Calos Polini para la gobernaci\u00f3n"},"content":{"rendered":"<p>El intendente de El Sauzalito, Alcides P\u00e9rez, hizo p\u00fablico su acompa\u00f1amiento a la candidatura de Juan Carlos Polini a la gobernaci\u00f3n del Chaco. El jefe comunal indic\u00f3 que \u201cJuan Carlos es la persona indicada para encabezar la transformaci\u00f3n que   necesita la provincia porque proviene del sector privado, algo muy importante a la hora de potenciar pol\u00edticas p\u00fablicas de desarrollo que deben contar con un acompa\u00f1amiento del Estado para poder generar valor agregado a la producci\u00f3n primaria, incorporar tecnolog\u00eda, poner en marcha un programa de flexibilizaci\u00f3n tributaria de manera de reducir y eliminar impuestos\u201d<br \/>\nY agreg\u00f3 \u201cTambi\u00e9n tiene una experiencia exitosa en la gesti\u00f3n p\u00fablica, lo ha demostrado como intendente de Coronel Du Graty, mediante una administraci\u00f3n ordenada, austera y transparente pudo darle a los vecinos una mejor calidad de vida,  y hoy nos enorgullece como diputado nacional porque logra poner en la agenda nacional los problemas y las necesidades de los chaque\u00f1os\u201d.<\/p>\n","protected":false},"excerpt":{"rendered":"<p>El intendente de El Sauzalito, Alcides P\u00e9rez, hizo p\u00fablico su acompa\u00f1amiento a la candidatura de Juan Carlos Polini a la gobernaci\u00f3n del Chaco. El jefe comunal indic\u00f3 que \u201cJuan Carlos es la persona indicada para encabezar la transformaci\u00f3n que necesita la provincia porque proviene del sector privado, algo muy importante a la hora de potenciar [&hellip;]<\/p>\n","protected":false},"author":1,"featured_media":19177,"comment_status":"closed","ping_status":"closed","sticky":false,"template":"","format":"standard","meta":{"footnotes":""},"categories":[6],"tags":[],"class_list":{"0":"post-19176","1":"post","2":"type-post","3":"status-publish","4":"format-standard","5":"has-post-thumbnail","7":"category-chaco"},"_links":{"self":[{"href":"https:\/\/chacosintesis.com.ar\/index.php\/wp-json\/wp\/v2\/posts\/19176","targetHints":{"allow":["GET"]}}],"collection":[{"href":"https:\/\/chacosintesis.com.ar\/index.php\/wp-json\/wp\/v2\/posts"}],"about":[{"href":"https:\/\/chacosintesis.com.ar\/index.php\/wp-json\/wp\/v2\/types\/post"}],"author":[{"embeddable":true,"href":"https:\/\/chacosintesis.com.ar\/index.php\/wp-json\/wp\/v2\/users\/1"}],"replies":[{"embeddable":true,"href":"https:\/\/chacosintesis.com.ar\/index.php\/wp-json\/wp\/v2\/comments?post=19176"}],"version-history":[{"count":0,"href":"https:\/\/chacosintesis.com.ar\/index.php\/wp-json\/wp\/v2\/posts\/19176\/revisions"}],"wp:featuredmedia":[{"embeddable":true,"href":"https:\/\/chacosintesis.com.ar\/index.php\/wp-json\/wp\/v2\/media\/19177"}],"wp:attachment":[{"href":"https:\/\/chacosintesis.com.ar\/index.php\/wp-json\/wp\/v2\/media?parent=19176"}],"wp:term":[{"taxonomy":"category","embeddable":true,"href":"https:\/\/chacosintesis.com.ar\/index.php\/wp-json\/wp\/v2\/categories?post=19176"},{"taxonomy":"post_tag","embeddable":true,"href":"https:\/\/chacosintesis.com.ar\/index.php\/wp-json\/wp\/v2\/tags?post=19176"}],"curies":[{"name":"wp","href":"https:\/\/api.w.org\/{rel}","templated":true}]}}