{"id":19170,"date":"2023-01-31T14:15:00","date_gmt":"2023-01-31T17:15:00","guid":{"rendered":"https:\/\/chacosintesis.com.ar\/?p=19170"},"modified":"2023-02-22T10:25:15","modified_gmt":"2023-02-22T13:25:15","slug":"junto-a-distintos-actores-sociales-del-sudoeste-eli-cuesta-presento-la-propuesta-de-gobierno-del-cer-en-charata","status":"publish","type":"post","link":"https:\/\/chacosintesis.com.ar\/index.php\/junto-a-distintos-actores-sociales-del-sudoeste-eli-cuesta-presento-la-propuesta-de-gobierno-del-cer-en-charata\/","title":{"rendered":"Junto a distintos actores sociales del sudoeste, Eli Cuesta present\u00f3 la propuesta de gobierno del CER en Charata"},"content":{"rendered":"\n<p>Continuando con las recorridas por distintas localidades del interior, la presidenta del Poder Legislativo del Chaco y referente de la Corriente de Expresi\u00f3n Renovada (CER), Eli Cuesta, acompa\u00f1ada por la concejala de Resistencia, Soledad Villagra, visit\u00f3 Charata para reunirse con representantes de distintos actores sociales y dirigentes de la zona de influencia, con quienes abord\u00f3 diferentes problem\u00e1ticas. El principal objetivo del encuentro fue presentar la plataforma de gobierno impulsada por Gustavo Mart\u00ednez, con la cual se pretende generar acciones que permitan cumplir con las demandas de la poblaci\u00f3n y posicionar al Chaco como una potencia agroindustrial.<br>Cuesta explic\u00f3 que esta reuni\u00f3n fue programa por la propia dirigencia de General Pinedo, Gancedo, Las Bre\u00f1as y Charata y se pudo dialogar con distintos actores sociales que forman parte de la vida cotidiana en el sudoeste chaque\u00f1o. \u201cParticiparon desde representantes de importantes fundaciones, hasta capacitadores en material vial y asociaciones de abuelos, por lo que realmente fue interesante escuchar sus inquietudes y recibir el apoyo a la candidatura de Gustavo Mart\u00ednez a gobernador\u201d, agreg\u00f3.<br>Adem\u00e1s, destac\u00f3 que la propuesta del CER se caracteriza por ser amplia e integradora y adem\u00e1s tiene en cuenta a cada localidad de la provincia. \u201cNosotros llevamos adelante talleres regionales en los que relevamos las necesidades y luego elaboramos una plataforma de gobierno seria que busca convertir al Chaco en una potencia agroindustrial\u201d, aclar\u00f3 la legisladora.<br>En el mismo sentido, Villagra valor\u00f3 la gran participaci\u00f3n de la comunidad en este encuentro, en el cual escucharon demandas en materia de educaci\u00f3n, trabajo y producci\u00f3n que luego ser\u00e1n transmitidas a Mart\u00ednez para agregarlas en la plataforma de gobierno elaborada de cara a su candidatura a gobernador. \u201cYa estamos a pleno en 2023 pensando en la candidatura de Gustavo, por lo que es muy importante estar cerca de la gente y escuchar lo que tienen para decir, sin importar el color pol\u00edtico, edad o ideolog\u00eda\u201d, concluy\u00f3.<\/p>\n\n\n\n<p>Participaci\u00f3n de diversos actores sociales<br>La presidenta de la Asociaci\u00f3n de Peque\u00f1os Productores de Charata, Cecilia M\u00fcller, remarc\u00f3 la importancia de ser escuchados por las y los dirigentes pol\u00edticos y expresar sus necesidades e inquietudes. \u201cPara nosotras, las mujeres de la zona rural, es muy dif\u00edcil tomar contacto con las autoridades y manifestarles lo que nos est\u00e1 pasando. Somos un sector muy importante para la econom\u00eda de la provincia y queremos seguir creciendo, por lo que la oportunidad de charlar con dirigentes provinciales es fundamental y estamos agradecidos\u201d, manifest\u00f3.<br>En este sentido, Ver\u00f3nica Brizuela, propietaria de una gomer\u00eda, opin\u00f3 que \u201ccuando los dirigentes toman el compromiso de visitar y recorrer el interior provincial el pueblo se siente protagonista, porque adem\u00e1s de reclamar, tenemos mucho que aportar en materia de educaci\u00f3n, salud y seguridad, por lo que es muy importante ser escuchados\u201d.<br>Por su parte, el comisario principal de la Polic\u00eda Caminera, Rub\u00e9n Kunsli, resalt\u00f3 que existen muchas personas que realizan un gran trabajo por la comunidad y que muchas veces no toman notoriedad, pero son fundamentales para el bienestar de la sociedad. \u201cCuando las y los pol\u00edticos visitan y escuchan al pueblo nos sentimos privilegiados porque podemos manifestar nuestras necesidades, lo que nos pasa y el trabajo que hacemos para toda la comunidad. Tenemos muchas cr\u00edticas constructivas, pero tambi\u00e9n mucho que aportar\u201d, afirm\u00f3.<br>Para finalizar, el concejal charatense del CER, Ra\u00fal Bravo, asegur\u00f3 que la clase pol\u00edtica debe tomar contacto con el pueblo para saber lo que siente, lo que le pasa y retomar la senda del di\u00e1logo. \u201cLa sociedad necesita ser escuchada, sentarse en una mesa con sus dirigentes y hablar para resolver, entre todos, los problemas que estamos viviendo, de eso se trata estos encuentros, dialogar para diagramar mejor las pol\u00edticas p\u00fablicas\u201d, asever\u00f3<\/p>\n","protected":false},"excerpt":{"rendered":"<p>Continuando con las recorridas por distintas localidades del interior, la presidenta del Poder Legislativo del Chaco y referente de la Corriente de Expresi\u00f3n Renovada (CER), Eli Cuesta, acompa\u00f1ada por la concejala de Resistencia, Soledad Villagra, visit\u00f3 Charata para reunirse con representantes de distintos actores sociales y dirigentes de la zona de influencia, con quienes abord\u00f3 [&hellip;]<\/p>\n","protected":false},"author":1,"featured_media":19171,"comment_status":"closed","ping_status":"closed","sticky":false,"template":"","format":"standard","meta":{"footnotes":""},"categories":[6],"tags":[202],"class_list":{"0":"post-19170","1":"post","2":"type-post","3":"status-publish","4":"format-standard","5":"has-post-thumbnail","7":"category-chaco","8":"tag-legislatura"},"_links":{"self":[{"href":"https:\/\/chacosintesis.com.ar\/index.php\/wp-json\/wp\/v2\/posts\/19170","targetHints":{"allow":["GET"]}}],"collection":[{"href":"https:\/\/chacosintesis.com.ar\/index.php\/wp-json\/wp\/v2\/posts"}],"about":[{"href":"https:\/\/chacosintesis.com.ar\/index.php\/wp-json\/wp\/v2\/types\/post"}],"author":[{"embeddable":true,"href":"https:\/\/chacosintesis.com.ar\/index.php\/wp-json\/wp\/v2\/users\/1"}],"replies":[{"embeddable":true,"href":"https:\/\/chacosintesis.com.ar\/index.php\/wp-json\/wp\/v2\/comments?post=19170"}],"version-history":[{"count":0,"href":"https:\/\/chacosintesis.com.ar\/index.php\/wp-json\/wp\/v2\/posts\/19170\/revisions"}],"wp:featuredmedia":[{"embeddable":true,"href":"https:\/\/chacosintesis.com.ar\/index.php\/wp-json\/wp\/v2\/media\/19171"}],"wp:attachment":[{"href":"https:\/\/chacosintesis.com.ar\/index.php\/wp-json\/wp\/v2\/media?parent=19170"}],"wp:term":[{"taxonomy":"category","embeddable":true,"href":"https:\/\/chacosintesis.com.ar\/index.php\/wp-json\/wp\/v2\/categories?post=19170"},{"taxonomy":"post_tag","embeddable":true,"href":"https:\/\/chacosintesis.com.ar\/index.php\/wp-json\/wp\/v2\/tags?post=19170"}],"curies":[{"name":"wp","href":"https:\/\/api.w.org\/{rel}","templated":true}]}}