{"id":19167,"date":"2023-01-30T15:18:00","date_gmt":"2023-01-30T18:18:00","guid":{"rendered":"https:\/\/chacosintesis.com.ar\/?p=19167"},"modified":"2023-02-22T10:21:25","modified_gmt":"2023-02-22T13:21:25","slug":"charata-la-fundacion-muchas-dono-un-acondicionador-de-aire-al-centro-terapeutico-la-rosa-azul","status":"publish","type":"post","link":"https:\/\/chacosintesis.com.ar\/index.php\/charata-la-fundacion-muchas-dono-un-acondicionador-de-aire-al-centro-terapeutico-la-rosa-azul\/","title":{"rendered":"Charata: la fundaci\u00f3n Muchas don\u00f3 un acondicionador de aire al centro terap\u00e9utico La Rosa Azul"},"content":{"rendered":"\n<p>La presidenta de la Fundaci\u00f3n de Mujeres Chaque\u00f1as Solidarias (Muchas), Elida Cuesta, entreg\u00f3 un aire acondicionado al centro terap\u00e9utico La Rosa Azul de Charata, una instituci\u00f3n encargada de brindar apoyo y facilitar el desarrollo, la inclusi\u00f3n y la contenci\u00f3n de personas con discapacidad. La donaci\u00f3n se pudo realizar gracias al a las constantes campa\u00f1as y el apoyo que recibe esta fundaci\u00f3n por parte de empresarios solidarios.<br>Cuesta resalt\u00f3 la importancia de apoyar a las instituciones que trabajan por y para la inclusi\u00f3n de las personas con discapacidad. \u201cEsta instituci\u00f3n trabaja hace muchos a\u00f1os con las personas con discapacidad ayudando a inclusi\u00f3n su laboral, en la integraci\u00f3n y el desarrollo de sus capacidades. Adem\u00e1s, realizan un trabajo muy importante en la contenci\u00f3n familiar y la recreaci\u00f3n\u201d, asegur\u00f3.<br>Adem\u00e1s, manifest\u00f3 que el Estado debe brindar las herramientas necesarias para que puedan atender m\u00e1s y mejor a las personas con discapacidad. \u201cLas personas que trabajan para el otro deben tener la facilidad para desarrollar este servicio a la comunidad de la mejor manera, ellos necesitan que fiscalizaci\u00f3n sanitaria habilite el lugar y tambi\u00e9n tiene problemas con la obra social por lo que vamos a hacer las gestiones necesarias\u201d, asever\u00f3.<br>As\u00ed mismo, agreg\u00f3 que recorrer el interior provincial y estar cerca de cada chaque\u00f1o y chaque\u00f1a permite conocer a personas e instituciones que se esfuerzan todos los d\u00edas por el pr\u00f3jimo.<\/p>\n\n\n\n<p>La importancia de cumplir los compromisos<br>La directora de la Rosa Azul, Marcela Ojeda, agradeci\u00f3 el gesto de la fundaci\u00f3n Muchas y remarc\u00f3 la importancia de cumplir los compromisos asumidos por Elida Cuesta. \u201cEn la \u00faltima visita que nos hizo le manifestamos la necesidad de contar con un aire acondicionado para la ampliaci\u00f3n del centro de d\u00eda para que los chicos tengan m\u00e1s comodidad y ella asumi\u00f3 el compromiso que hoy cumpli\u00f3 as\u00ed que estamos muy agradecidos\u201d, remarc\u00f3.<br>Por su parte, la coordinadora Liliana Leiva asegur\u00f3 que el apoyo de la fundaci\u00f3n sirve para seguir trabajando y alent\u00f3 a toda la sociedad a colaborar para lograr una verdadera inclusi\u00f3n. \u201cQueremos destacar la predisposici\u00f3n de todo el pueblo charatense que nos ayuda todos los d\u00edas para seguir creciendo, hoy en d\u00eda tres de nuestros chicos se pudieron integrar al mercado laboral de la ciudad y eso para nosotros es muy importante\u201d, concluy\u00f3<\/p>\n","protected":false},"excerpt":{"rendered":"<p>La presidenta de la Fundaci\u00f3n de Mujeres Chaque\u00f1as Solidarias (Muchas), Elida Cuesta, entreg\u00f3 un aire acondicionado al centro terap\u00e9utico La Rosa Azul de Charata, una instituci\u00f3n encargada de brindar apoyo y facilitar el desarrollo, la inclusi\u00f3n y la contenci\u00f3n de personas con discapacidad. La donaci\u00f3n se pudo realizar gracias al a las constantes campa\u00f1as y [&hellip;]<\/p>\n","protected":false},"author":1,"featured_media":19168,"comment_status":"closed","ping_status":"closed","sticky":false,"template":"","format":"standard","meta":{"footnotes":""},"categories":[6],"tags":[202],"class_list":{"0":"post-19167","1":"post","2":"type-post","3":"status-publish","4":"format-standard","5":"has-post-thumbnail","7":"category-chaco","8":"tag-legislatura"},"_links":{"self":[{"href":"https:\/\/chacosintesis.com.ar\/index.php\/wp-json\/wp\/v2\/posts\/19167","targetHints":{"allow":["GET"]}}],"collection":[{"href":"https:\/\/chacosintesis.com.ar\/index.php\/wp-json\/wp\/v2\/posts"}],"about":[{"href":"https:\/\/chacosintesis.com.ar\/index.php\/wp-json\/wp\/v2\/types\/post"}],"author":[{"embeddable":true,"href":"https:\/\/chacosintesis.com.ar\/index.php\/wp-json\/wp\/v2\/users\/1"}],"replies":[{"embeddable":true,"href":"https:\/\/chacosintesis.com.ar\/index.php\/wp-json\/wp\/v2\/comments?post=19167"}],"version-history":[{"count":0,"href":"https:\/\/chacosintesis.com.ar\/index.php\/wp-json\/wp\/v2\/posts\/19167\/revisions"}],"wp:featuredmedia":[{"embeddable":true,"href":"https:\/\/chacosintesis.com.ar\/index.php\/wp-json\/wp\/v2\/media\/19168"}],"wp:attachment":[{"href":"https:\/\/chacosintesis.com.ar\/index.php\/wp-json\/wp\/v2\/media?parent=19167"}],"wp:term":[{"taxonomy":"category","embeddable":true,"href":"https:\/\/chacosintesis.com.ar\/index.php\/wp-json\/wp\/v2\/categories?post=19167"},{"taxonomy":"post_tag","embeddable":true,"href":"https:\/\/chacosintesis.com.ar\/index.php\/wp-json\/wp\/v2\/tags?post=19167"}],"curies":[{"name":"wp","href":"https:\/\/api.w.org\/{rel}","templated":true}]}}